{"id":27644,"date":"2021-01-19T16:48:03","date_gmt":"2021-01-19T16:48:03","guid":{"rendered":"http:\/\/vocesver.com\/noticias\/?p=27644"},"modified":"2021-01-19T16:48:55","modified_gmt":"2021-01-19T16:48:55","slug":"ebrard-explica-cambios-en-el-calendario-de-entrega-de-vacuna-de-pfizerconsultalos-aqui","status":"publish","type":"post","link":"http:\/\/vocesver.com\/noticias\/ebrard-explica-cambios-en-el-calendario-de-entrega-de-vacuna-de-pfizerconsultalos-aqui\/","title":{"rendered":"EBRARD EXPLICA CAMBIOS EN EL CALENDARIO DE ENTREGA DE VACUNA DE PFIZER;CONS\u00daLTALOS AQU\u00cd."},"content":{"rendered":"<p>El canciller explic\u00f3 que cuando concluya el mes de marzo, M\u00e9xico habr\u00e1 recibido 5 millones 44 mil 650 dosis de la vacuna elaborada por Pfizer. | Foto: AFP<\/p>\n<p>REDACCI\u00d3N\/VOCESVER.COM\/NOTICIAS<\/p>\n<p><strong>NACIONAL.- A 19 de Enero 2021.-De acuerdo con informaci\u00f3n de UNOTV\/M\u00c9XICO&#8230;.. El secretario de Relaciones Exteriores, Marcelo <\/strong><strong>Ebrard,\u00a0<\/strong>inform\u00f3 este martes\u00a0<strong>sobre el cambio en la distribuci\u00f3n de\u00a0<a href=\"https:\/\/www.unotv.com\/nacional\/amlo-vacunas-de-pfizer-que-llegan-manana-a-mexico-se-redujo-a-la-mitad\/\" target=\"_blank\" rel=\"noreferrer noopener\" aria-label=\"undefined (abre en una nueva pesta\u00f1a)\">vacunas contra el COVID-19 contratadas por el gobierno federal a la farmac\u00e9utica Pfizer<\/a><\/strong>, luego de que se diera a conocer que de la\u00a0<a href=\"https:\/\/www.unotv.com\/nacional\/amlo-vacunas-de-pfizer-que-llegan-manana-a-mexico-se-redujo-a-la-mitad\/\" target=\"_blank\" rel=\"noreferrer noopener\" aria-label=\"undefined (abre en una nueva pesta\u00f1a)\">entrega de 400 mil dosis programadas para este 19 de enero, solo llegar\u00eda la mitad.<\/a><\/p>\n<p>En conferencia de prensa del presidente Andr\u00e9s Manuel L\u00f3pez Obrador,\u00a0<strong>Marcelo Ebrard inform\u00f3 que\u00a0del 25 de enero al 12 de febrero\u00a0<a href=\"https:\/\/www.unotv.com\/nacional\/mexico-acepta-reduccion-de-vacunas-pfizer-amlo\/\" target=\"_blank\" rel=\"noreferrer noopener\">las vacunas de Pfizer dejar\u00e1n de llegar a M\u00e9xico.<\/a><\/strong><\/p>\n<h2>\u00bfPfizer repondr\u00e1 dosis que dejen de llegar a M\u00e9xico?<\/h2>\n<p>Desde Palacio Nacional,\u00a0<strong>el encargado de la pol\u00edtica exterior de nuestro pa\u00eds inform\u00f3 que las vacunas de Pfizer que no ser\u00e1n entregadas ser\u00e1n repuestas en dos cargamentos de 781 mil 950 dosis a partir de las dos \u00faltimas semanas de febrero\u00a0<\/strong>y concluir\u00e1n como se ten\u00eda previsto en marzo de 2021.<\/p>\n<p>&nbsp;<\/p>\n<blockquote class=\"wp-block-quote is-style-large\"><p>\u201cHay un cambio en el mes de febrero; en la \u00faltima de enero y en las dos primeras de febrero. Este periodo no vamos a tener Pfizer, pero a partir del d\u00eda 15 tendremos m\u00e1s de las previstas hasta 781 mil 950 y despu\u00e9s lo que ya ten\u00edamos programado\u201d.<\/p><\/blockquote>\n<p><strong>Explic\u00f3 el canciller Marcelo Ebrard.<\/strong><\/p>\n<p>El canciller explic\u00f3 que cuando concluya el mes de marzo, M\u00e9xico habr\u00e1 recibido 5 millones 44 mil 650 dosis de la vacuna elaborada por Pfizer.<\/p>\n<p>Ebrard explic\u00f3 que con esa cantidad de vacunas se habr\u00e1 vacunado a 2 millones 522 mil 325 personas.<\/p>\n<h2>\u00bfCu\u00e1ntas vacunas llegar\u00e1n a M\u00e9xico?<\/h2>\n<p>Agreg\u00f3\u00a0<strong>que de enero a marzo de 2021, M\u00e9xico recibir\u00e1 21 millones 394 mil 650 dosis de vacunas contra el COVID-19 (de Pfizer, AstraZeneca, CanSino y Sputnik V) para inocular a m\u00e1s de 14 millones de personas.<\/strong><\/p>\n<figure class=\"wp-block-image size-large\"><img decoding=\"async\" class=\"i-amphtml-fill-content i-amphtml-replaced-content\" src=\"https:\/\/www.unotv.com\/uploads\/2021\/01\/vacunas-082849.jpg\" alt=\"\" \/><\/figure>\n<figure class=\"wp-block-image size-large\">M\u00e9xico recibir\u00e1 21 millones 394 mil 650 dosis de vacunas contra el COVID-19 para inocular a m\u00e1s de 14 millones de personas. | Foto: Captura de pantalla \u2013 Gobierno de M\u00e9xico<\/figure>\n<ul>\n<li>Pfizer \u2013 5 millones 044 mil 650 dosis<\/li>\n<li>CansiNoBio \u2013 6 millones 950 mil dosis<\/li>\n<li>AstraZeneca \u2013 2 millones de dosis<\/li>\n<li><a href=\"https:\/\/www.unotv.com\/negocios\/vacuna-rusa-sputnik-v-mexico-comprara-12-millones-de-dosis\/\" target=\"_blank\" rel=\"noreferrer noopener\" aria-label=\"undefined (abre en una nueva pesta\u00f1a)\">Sputnik V\u00a0<\/a>\u2013 7 millones 400 dosis<\/li>\n<\/ul>\n<p>&nbsp;<\/p>\n<p>INF. DE UNOTV\/M\u00c9XICO&#8230;&#8230;<\/p>\n<p>&nbsp;<\/p>\n","protected":false},"excerpt":{"rendered":"<p>El canciller explic\u00f3 que cuando concluya el mes de marzo, M\u00e9xico habr\u00e1 recibido 5 millones 44 mil 650 dosis de<\/p>\n","protected":false},"author":2,"featured_media":27645,"comment_status":"open","ping_status":"open","sticky":false,"template":"","format":"standard","meta":{"colormag_page_container_layout":"default_layout","colormag_page_sidebar_layout":"default_layout","footnotes":""},"categories":[5],"tags":[],"class_list":["post-27644","post","type-post","status-publish","format-standard","has-post-thumbnail","hentry","category-nacional"],"_links":{"self":[{"href":"http:\/\/vocesver.com\/noticias\/wp-json\/wp\/v2\/posts\/27644","targetHints":{"allow":["GET"]}}],"collection":[{"href":"http:\/\/vocesver.com\/noticias\/wp-json\/wp\/v2\/posts"}],"about":[{"href":"http:\/\/vocesver.com\/noticias\/wp-json\/wp\/v2\/types\/post"}],"author":[{"embeddable":true,"href":"http:\/\/vocesver.com\/noticias\/wp-json\/wp\/v2\/users\/2"}],"replies":[{"embeddable":true,"href":"http:\/\/vocesver.com\/noticias\/wp-json\/wp\/v2\/comments?post=27644"}],"version-history":[{"count":2,"href":"http:\/\/vocesver.com\/noticias\/wp-json\/wp\/v2\/posts\/27644\/revisions"}],"predecessor-version":[{"id":27647,"href":"http:\/\/vocesver.com\/noticias\/wp-json\/wp\/v2\/posts\/27644\/revisions\/27647"}],"wp:featuredmedia":[{"embeddable":true,"href":"http:\/\/vocesver.com\/noticias\/wp-json\/wp\/v2\/media\/27645"}],"wp:attachment":[{"href":"http:\/\/vocesver.com\/noticias\/wp-json\/wp\/v2\/media?parent=27644"}],"wp:term":[{"taxonomy":"category","embeddable":true,"href":"http:\/\/vocesver.com\/noticias\/wp-json\/wp\/v2\/categories?post=27644"},{"taxonomy":"post_tag","embeddable":true,"href":"http:\/\/vocesver.com\/noticias\/wp-json\/wp\/v2\/tags?post=27644"}],"curies":[{"name":"wp","href":"https:\/\/api.w.org\/{rel}","templated":true}]}}