{"id":27638,"date":"2021-01-19T16:23:03","date_gmt":"2021-01-19T16:23:03","guid":{"rendered":"http:\/\/vocesver.com\/noticias\/?p=27638"},"modified":"2021-01-19T16:39:06","modified_gmt":"2021-01-19T16:39:06","slug":"debemos-ser-mas-estrictos-con-nosotros-y-nuestras-familias-para-evitar-contraer-el-covid-19lopez-de-escalera","status":"publish","type":"post","link":"http:\/\/vocesver.com\/noticias\/debemos-ser-mas-estrictos-con-nosotros-y-nuestras-familias-para-evitar-contraer-el-covid-19lopez-de-escalera\/","title":{"rendered":"DEBEMOS SER M\u00c1S ESTRICTOS CON NOSOTROS Y NUESTRAS FAMILIAS PARA EVITAR CONTRAER EL COVID-19:L\u00d3PEZ DE ESCALERA."},"content":{"rendered":"<p>\u00b0Si sales a trabajar haz m\u00e1s conciencia de la pandemia, respetemos las medidas sanitarias.<\/p>\n<p>\u00b0Lamentablemente la pandemia nos di\u00f3 un vuelco en la vida.<\/p>\n<p>\u00b0La falta de conciencia ha permitido el incremento de contagios y muertes.<\/p>\n<p>AUSENCIO RIVERA\/VOCESVER.COM\/NOTICIAS<\/p>\n<p>Veracruz,Ver.&#8211; A 19 de Enero 2021.-En opini\u00f3n del Coordinador de Delegaciones del Colegio Nacional de Abogados Penalistas A.C. licenciado Mario L\u00f3pez de Escalera a la gente le hace falta mucha cultura para cuidarse de la pandemia del Covid-19 y , \u00abnos hace falta ser m\u00e1s estrictos para evitar contraer el virus\u00bb.<\/p>\n<p>Ante el incremento de contagios y muertes:tenemos que cambiar nuestra forma de conducirnos porque la pandemia nos di\u00f3 un vuelco en la vida.<\/p>\n<p>A juicio del jurista veracruzano no se debe cerrar del todo, \u00abtenemos que salir a trabajar,eso s\u00ed hay que hacer m\u00e1s conciencia de cuidarnos m\u00e1s,sobre todo respetar la sana distancia, usar cubrebocas\u00a0 y lavarse con frenceuncia las manos con gel antibacterial o jab\u00f3n\u00bb<\/p>\n<p>Por otro lado lament\u00f3 la muerte de un juez a consecuencia de covid, otro m\u00e1s tambi\u00e9n se infect\u00f3, pero gracias a Dios lo super\u00f3<\/p>\n<p>Tambi\u00e9n nos ha tocado ver a secretarios de mesa que se han contagiado y es no solo se ha dado en Veracruz, sino en el Estado al grado de que el Gobierno del Tribunal Superior del Justicia\u00a0 tuvo que tomar medidas dr\u00e1sticas y por eso se cancelar\u00f3n las actividades este jueves y viernes.<\/p>\n<p>Luego entonces eso no puede ser posible, tenemos que ser muy estrictos en nuestra forma de trabajar y de igual formacon nuestra propia familia.<\/p>\n<p>Nosotros nos hemos enterado tambi\u00e9n de que los mismos hijos que andan de fiestas van con sus pap\u00e1s y los contagian y ah\u00ed est\u00e1 la situaci\u00f3n tan terrible de la enfermedad que se ha propagado bastante.<\/p>\n<p>\u00abNosotros lo vemos aqu\u00ed en el Ayuntamiento de Veracruz quienen reactivar la econom\u00eda, sin embargo tienen que ser m\u00e1s estrictos en la medidas sanitarias para frenar el crecimiento de la pandemia que lamentablemente est\u00e1 cobrando la vida de muchas personas\u00bb.<\/p>\n<p>Ustedes no me dejar\u00e1n enga\u00f1arlos, se han visto diversos videos donde se ve a la gente que est\u00e1n muy juntos\u00a0 y la cuesti\u00f3n es que hay mucha gente asintom\u00e1tica que no se da cuenta que tiene la enfermedad y sale con esa confianza y\u00a0 como es un foco de infecci\u00f3n contagia a los dem\u00e1s.<\/p>\n","protected":false},"excerpt":{"rendered":"<p>\u00b0Si sales a trabajar haz m\u00e1s conciencia de la pandemia, respetemos las medidas sanitarias. \u00b0Lamentablemente la pandemia nos di\u00f3 un<\/p>\n","protected":false},"author":2,"featured_media":27640,"comment_status":"open","ping_status":"open","sticky":false,"template":"","format":"standard","meta":{"colormag_page_container_layout":"default_layout","colormag_page_sidebar_layout":"default_layout","footnotes":""},"categories":[2],"tags":[],"class_list":["post-27638","post","type-post","status-publish","format-standard","has-post-thumbnail","hentry","category-infogral"],"_links":{"self":[{"href":"http:\/\/vocesver.com\/noticias\/wp-json\/wp\/v2\/posts\/27638","targetHints":{"allow":["GET"]}}],"collection":[{"href":"http:\/\/vocesver.com\/noticias\/wp-json\/wp\/v2\/posts"}],"about":[{"href":"http:\/\/vocesver.com\/noticias\/wp-json\/wp\/v2\/types\/post"}],"author":[{"embeddable":true,"href":"http:\/\/vocesver.com\/noticias\/wp-json\/wp\/v2\/users\/2"}],"replies":[{"embeddable":true,"href":"http:\/\/vocesver.com\/noticias\/wp-json\/wp\/v2\/comments?post=27638"}],"version-history":[{"count":3,"href":"http:\/\/vocesver.com\/noticias\/wp-json\/wp\/v2\/posts\/27638\/revisions"}],"predecessor-version":[{"id":27643,"href":"http:\/\/vocesver.com\/noticias\/wp-json\/wp\/v2\/posts\/27638\/revisions\/27643"}],"wp:featuredmedia":[{"embeddable":true,"href":"http:\/\/vocesver.com\/noticias\/wp-json\/wp\/v2\/media\/27640"}],"wp:attachment":[{"href":"http:\/\/vocesver.com\/noticias\/wp-json\/wp\/v2\/media?parent=27638"}],"wp:term":[{"taxonomy":"category","embeddable":true,"href":"http:\/\/vocesver.com\/noticias\/wp-json\/wp\/v2\/categories?post=27638"},{"taxonomy":"post_tag","embeddable":true,"href":"http:\/\/vocesver.com\/noticias\/wp-json\/wp\/v2\/tags?post=27638"}],"curies":[{"name":"wp","href":"https:\/\/api.w.org\/{rel}","templated":true}]}}