{"id":27632,"date":"2021-01-18T18:09:41","date_gmt":"2021-01-18T18:09:41","guid":{"rendered":"http:\/\/vocesver.com\/noticias\/?p=27632"},"modified":"2021-01-18T18:21:21","modified_gmt":"2021-01-18T18:21:21","slug":"sousa-escamilla-ya-se-registro-formalmente-para-ser-el-nuevo-titular-de-la-cedh","status":"publish","type":"post","link":"http:\/\/vocesver.com\/noticias\/sousa-escamilla-ya-se-registro-formalmente-para-ser-el-nuevo-titular-de-la-cedh\/","title":{"rendered":"SOUSA ESCAMILLA  YA SE REGISTR\u00d3 FORMALMENTE  PARA SER EL NUEVO TITULAR DE LA CEDH."},"content":{"rendered":"<p>\u00b0Lo confirm\u00f3 esta ma\u00f1ana en conferencia de medios, estuvo acompa\u00f1ado<\/p>\n<p>de diversos representantes de Colegios, Barras y Asociaciones de Abogados.<\/p>\n<p>\u00b0Entre ellos el licenciado Mario L\u00f3pez de Escalera qui\u00e9n acudi\u00f3 con la<\/p>\n<p>representaci\u00f3n del licenciado Gilberto Far\u00edas Morales presidente de CNAP.<\/p>\n<p>AUSENCIO RIVERA\/VOCESVER.COM\/NOTICIAS<\/p>\n<p>Veracruz,Ver,.-\u00a0 A 18 de Enero 2021,. El reconocido notario veracruzano Gustavo Sousa Escamilla confirm\u00f3 esta ma\u00f1ana en conferencia de medios que ya qued\u00f3 formalmente registrado\u00a0 ante la Comisi\u00f3n Permanente de Derechos Humanos del Estado y la Legislatura como aspirante a la Comisi\u00f3n Estatal de Derechos Humanos.(CEDH).<\/p>\n<p>Explic\u00f3 que esto lo hizo tras reunir los requisitos que establece la convocatoria para ocupar\u00a0 dicho cargo.<\/p>\n<p>Acompa\u00f1ado de licenciado Mario L\u00f3pez de Escalera quien acudi\u00f3 con la representaci\u00f3n de Mtro.DHC Gilberto Far\u00edas Morales y oros representantes de Colegios, Barras y Asociaciones de Abogados que respaldan al tambi\u00e9n licenciado en derecho para que ocupen dicho cargo, Sousa Escamilla coment\u00f3 a los medios informativos que ahora solo esperar\u00e1 que la Comisi\u00f3n Permanente de Derechos Humanos de la Entidad revise los documentos y a su juicio podamos ser uno de los candidatos que verdaderamente pudi\u00e9ramos\u00a0 hacer un buen papel dentro de esa dependencia y nos citen para una entrevista personal a cada uno de los aspirantes para sacar una terna de estos y ponerla a consideraci\u00f3n de la Legislatura del Estado que tendr\u00e1 que elegir al comisionado con una votaci\u00f3n calificada, de cuando menos las dos terceras partes de los diputados del Estado.<\/p>\n<p>El entrevistado dijo que su propuesta es la legalidad ya que el primer requisito que se necesita para ser titular de la CEDH es ser abogado porque se necesita se aplique la Ley como corresponde.<\/p>\n<p>Hay acciones de gobierno que est\u00e1n apegadas a derecho y hay otras que no lo est\u00e1n, luego entonces se necesita a un profesional del derecho para diferenciar y para atacar y recomendar que no se violen los derechos humanos dentro de lo que no est\u00e1 permitido y por otro lado que la ciudadan\u00eda comprenda que hay acciones de gobiernos que si se pueden realizar de acuerdo con la ley, es decir que son legales.<\/p>\n<p>Definitivamente para ocupar este cargo se necesita tener un conocimiento muy exhaustivo de las leyes para poder cumplir lo que establecen los Derechos Humanos,subrray\u00f3.<\/p>\n<p>Finalmente Sousa Escamilla agradeci\u00f3 el respaldo y apoyo\u00a0 que le brindan los diferentes colegios, barras y asociaciones para que sea \u00e9l quien ocupe dicho cargo, en particular agradeci\u00f3 el apoyo proporcionado por el Colegio Nacional de Abogados Penalistas\u00a0 A.C.que preside el Mtro y\u00a0 DHC Gilberto Far\u00edas Morales.<\/p>\n<p>&nbsp;<\/p>\n","protected":false},"excerpt":{"rendered":"<p>\u00b0Lo confirm\u00f3 esta ma\u00f1ana en conferencia de medios, estuvo acompa\u00f1ado de diversos representantes de Colegios, Barras y Asociaciones de Abogados.<\/p>\n","protected":false},"author":2,"featured_media":27635,"comment_status":"open","ping_status":"open","sticky":false,"template":"","format":"standard","meta":{"colormag_page_container_layout":"default_layout","colormag_page_sidebar_layout":"default_layout","footnotes":""},"categories":[2],"tags":[],"class_list":["post-27632","post","type-post","status-publish","format-standard","has-post-thumbnail","hentry","category-infogral"],"_links":{"self":[{"href":"http:\/\/vocesver.com\/noticias\/wp-json\/wp\/v2\/posts\/27632","targetHints":{"allow":["GET"]}}],"collection":[{"href":"http:\/\/vocesver.com\/noticias\/wp-json\/wp\/v2\/posts"}],"about":[{"href":"http:\/\/vocesver.com\/noticias\/wp-json\/wp\/v2\/types\/post"}],"author":[{"embeddable":true,"href":"http:\/\/vocesver.com\/noticias\/wp-json\/wp\/v2\/users\/2"}],"replies":[{"embeddable":true,"href":"http:\/\/vocesver.com\/noticias\/wp-json\/wp\/v2\/comments?post=27632"}],"version-history":[{"count":4,"href":"http:\/\/vocesver.com\/noticias\/wp-json\/wp\/v2\/posts\/27632\/revisions"}],"predecessor-version":[{"id":27637,"href":"http:\/\/vocesver.com\/noticias\/wp-json\/wp\/v2\/posts\/27632\/revisions\/27637"}],"wp:featuredmedia":[{"embeddable":true,"href":"http:\/\/vocesver.com\/noticias\/wp-json\/wp\/v2\/media\/27635"}],"wp:attachment":[{"href":"http:\/\/vocesver.com\/noticias\/wp-json\/wp\/v2\/media?parent=27632"}],"wp:term":[{"taxonomy":"category","embeddable":true,"href":"http:\/\/vocesver.com\/noticias\/wp-json\/wp\/v2\/categories?post=27632"},{"taxonomy":"post_tag","embeddable":true,"href":"http:\/\/vocesver.com\/noticias\/wp-json\/wp\/v2\/tags?post=27632"}],"curies":[{"name":"wp","href":"https:\/\/api.w.org\/{rel}","templated":true}]}}