{"id":27629,"date":"2021-01-18T17:27:14","date_gmt":"2021-01-18T17:27:14","guid":{"rendered":"http:\/\/vocesver.com\/noticias\/?p=27629"},"modified":"2021-01-18T17:27:14","modified_gmt":"2021-01-18T17:27:14","slug":"asi-enfrento-kamala-harris-al-cartel-de-sinaloa-y-a-otros-carteles-mexicanos","status":"publish","type":"post","link":"http:\/\/vocesver.com\/noticias\/asi-enfrento-kamala-harris-al-cartel-de-sinaloa-y-a-otros-carteles-mexicanos\/","title":{"rendered":"AS\u00cd ENFRENT\u00d3 KAMALA HARRIS AL C\u00c1RTEL DE SINALOA Y A OTROS C\u00c1RTELES MEXICANOS."},"content":{"rendered":"<p>Kamala Harris calific\u00f3 a los c\u00e1rteles mexicanos como \u201cDelincuencia Organizada Trasnacional\u201d. | Foto: AFP<\/p>\n<p>REDACCI\u00d3N\/VOCESVER.COM\/NOTICIAS<\/p>\n<p><strong><a href=\"https:\/\/www.unotv.com\/internacional\/empecemos-a-trabajar-kamala-harris-vicepresidenta-electa-de-eu\/\" target=\"_blank\" rel=\"noreferrer noopener\" aria-label=\"undefined (abre en una nueva pesta\u00f1a)\">INTERNACIONAL.- A 18 de Enero 2021.- De acuerdo con informaci\u00f3n de UNOTV\/M\u00c9XICO&#8230;.Kamala Harris, pr\u00f3xima vicepresidenta de Estados Unidos,<\/a>\u00a0<\/strong>ha tenido experiencia enfrentando a los\u00a0<strong>c\u00e1rteles mexicanos<\/strong>, particularmente\u00a0<strong>el de Sinaloa<\/strong>\u00a0y sus\u00a0<strong>operaciones delictivas entre la frontera.<\/strong><\/p>\n<p>Durante su periodo como fiscal general de California; es decir, de 2011 a 2016,\u00a0<strong>Kamala Harris alert\u00f3 a las autoridades estadounidenses sobre el crecimiento y las t\u00e1cticas que los grupos criminales utilizaban para sus operaciones il\u00edcitas.<\/strong><\/p>\n<p><strong>Kamala Harris se\u00f1al\u00f3,<\/strong>\u00a0en su momento,\u00a0<strong>el trato preferencia del gobierno de nuestro pa\u00eds a los c\u00e1rteles mexicanos<\/strong>, sobre todo al\u00a0<strong>de Sinaloa durante el periodo de 2004 a 2014\u00a0<\/strong>y defini\u00f3 a ese grupo como el que planteaba:<\/p>\n<blockquote class=\"wp-block-quote is-style-large\"><p>\u201cLa m\u00e1s seria amenaza al bienestar f\u00edsico y financiero de los californianos\u201d.<\/p>\n<p><cite>Kamala Harris, pr\u00f3xima vicepresidenta de Estados Unidos.<\/cite><\/p><\/blockquote>\n<h2>Delincuencia Organizada Trasnacional<\/h2>\n<p><strong><a href=\"https:\/\/www.unotv.com\/internacional\/familia-de-kamala-harris-proxima-vicepresidenta-de-eu\/\" target=\"_blank\" rel=\"noreferrer noopener\" aria-label=\"undefined (abre en una nueva pesta\u00f1a)\">Kamala Harris calific\u00f3 a los c\u00e1rteles mexicanos<\/a><\/strong>\u00a0como \u201cDelincuencia Organizada Trasnacional\u201d.<\/p>\n<p>La\u00a0<strong>dem\u00f3crata defin\u00eda a los c\u00e1rteles mexicanos como asociaciones \u201cautoperpetuantes\u201d<\/strong>\u00a0y que\u00a0<strong>operaban a trav\u00e9s de las fronteras entre M\u00e9xico y Estados Unidos<\/strong>.<\/p>\n<p>Afirmaba que los\u00a0<strong>c\u00e1rteles mexicanos utilizaban la violencia, la corrupci\u00f3n para explotar el comercio<\/strong>\u00a0y las comunicaciones trasnacionales<strong>\u00a0para proteger y disfrazar sus actividades il\u00edcitas con fines de lucro.<\/strong><\/p>\n<h2>\u00bfQu\u00e9 hizo Kamala Harris para enfrentar a los c\u00e1rteles mexicanos?<\/h2>\n<p>En el a\u00f1o de 2011,\u00a0<strong>Kamala Harris tom\u00f3 posesi\u00f3n de la oficina fiscal<\/strong>\u00a0y visit\u00f3 el muro fronterizo para anunciar un plan de acci\u00f3n\u00a0<strong>contra los c\u00e1rteles mexicanos.<\/strong><\/p>\n<p>Dos a\u00f1os m\u00e1s tarde, en 2013,<strong>\u00a0un juez de la Corte Federal del Distrito Sur de California inici\u00f3 una acusaci\u00f3n a tres miembros del C\u00e1rtel de Sinaloa<\/strong>, entre ellos su l\u00edder, Ismael Zambada y dos de sus hijos: Ismael Zambada Imperial e Ismael Zambada Sicarios, la cual concluy\u00f3 en la detenci\u00f3n del segundo de ello en noviembre de 2014 y\u00a0<strong>su posterior extradici\u00f3n en 2019.<\/strong><\/p>\n<p>El narcotraficante es acusado de dos cargos por importar y distribuir narc\u00f3ticos y<strong>\u00a0a\u00fan espera su sentencia.<\/strong><\/p>\n<p>Es en el documento \u201cPandillas m\u00e1s all\u00e1 de las fronteras: California y la lucha contra Delincuencia Organizada Transnacional\u201d, fechado en marzo de 2014 y firmado por quien ser\u00e1 la vicepresidenta estadunidense desde el pr\u00f3ximo 20 de enero,\u00a0<strong>Kamala Harris dimensiona la penetraci\u00f3n de los grupos criminales asentados en M\u00e9xico.<\/strong><\/p>\n<p><strong>Kamala Harris se\u00f1al\u00f3 que \u00a0el c\u00e1rtel de Sinaloa \u201caprovech\u00f3 una l\u00ednea directa del gobierno mexicano destinada a impulsar la recopilaci\u00f3n de inteligencia sobre organizaciones narcotraficantes<\/strong>\u00a0con el fin de informar las acciones y ubicaciones\u201d de sus rivales.<\/p>\n<p><strong>Kamala Harris asegura que el tr\u00e1fico de drogas es la actividad criminal transnacional m\u00e1s rentable en la frontera<\/strong>\u00a0y que \u201cgeneran miles de millones de d\u00f3lares anualmente mediante el tr\u00e1fico hacia California, tanto para la venta dentro del estado como para su distribuci\u00f3n posterior en todo el pa\u00eds\u201d.<\/p>\n<h2>Kamala Harris visit\u00f3 M\u00e9xico en 2014<\/h2>\n<p>Ese mismo a\u00f1o,\u00a0<strong>Kamala Harris encabez\u00f3 una delegaci\u00f3n bipartidista de fiscales generales estatales con la Ciudad de M\u00e9xico.<\/strong><\/p>\n<p><strong>Kamala Harris se reuni\u00f3 con sus contrapartes mexicanas para discutir esfuerzos conjuntos para abordar el crimen transnacional<\/strong>, culminando con la firma de una carta de intenci\u00f3n con la Comisi\u00f3n Nacional Bancaria y de Valores y el establecimiento de un grupo de trabajo binacional sobre la aplicaci\u00f3n del lavado de dinero.<\/p>\n<p>Tras la visita a la Ciudad de M\u00e9xico,\u00a0<strong>Kamala Harris convoc\u00f3 una cumbre centrada en el uso de la tecnolog\u00eda para combatir el crimen organizado transnacional con funcionarios estatales y federales<\/strong>\u00a0de los Estados Unidos, M\u00e9xico y El Salvador, incluido el Fiscal General de M\u00e9xico, Jes\u00fas Murillo Karam y el Fiscal General de El Salvador Luis Mart\u00ednez.<\/p>\n<h2>Harris tambi\u00e9n analiz\u00f3 la actividad crimal de otros c\u00e1rteles<\/h2>\n<p><strong><a href=\"https:\/\/www.unotv.com\/internacional\/kamala-harris-y-su-papel-crucial-ante-un-empate-en-el-senado-de-eu\/\" target=\"_blank\" rel=\"noreferrer noopener\" aria-label=\"undefined (abre en una nueva pesta\u00f1a)\">Kamala Harris tambi\u00e9n analiz\u00f3 la actividad del grupo criminal<\/a>\u00a0\u201cLa Familia michoacana\u201d (LFM)<\/strong>, m\u00e1s enfocado en producir metanfetamina en laboratorios de M\u00e9xico y California.<\/p>\n<p>En su an\u00e1lisis como fiscal,\u00a0<strong>Kamala Harris destac\u00f3 otras actividades il\u00edcitas cometidas por criminales mexicanos como tr\u00e1fico de armas, lavado de dinero,<\/strong>\u00a0y contrabando de efectivo y de medicinas, as\u00ed como pirater\u00eda.<\/p>\n<h2>Perfil<\/h2>\n<figure class=\"wp-block-image size-large\"><img decoding=\"async\" class=\"i-amphtml-intrinsic-sizer\" role=\"presentation\" src=\"data:image\/svg+xml;base64,PHN2ZyBoZWlnaHQ9JzQwMCcgd2lkdGg9JzY0MCcgeG1sbnM9J2h0dHA6Ly93d3cudzMub3JnLzIwMDAvc3ZnJyB2ZXJzaW9uPScxLjEnLz4=\" alt=\"\" aria-hidden=\"true\" \/><img decoding=\"async\" class=\"i-amphtml-fill-content i-amphtml-replaced-content\" src=\"https:\/\/www.unotv.com\/uploads\/2021\/01\/kamala-harris-071418.jpg\" alt=\"\" \/><figcaption>Kamala Harris se gradu\u00f3 de la Universidad de Howard en Washington, D.C. | Foto: AFP<\/figcaption><\/figure>\n<p><a href=\"https:\/\/www.unotv.com\/internacional\/kamala-harris-va-por-vicepresidencia-de-eu-y-aqui-su-trayectoria\/\" target=\"_blank\" rel=\"noreferrer noopener\" aria-label=\"undefined (abre en una nueva pesta\u00f1a)\">La\u00a0<strong>primera mujer negra e india-estadounidense en representar a California en el Senado de los Estados Unidos<\/strong>, la vicepresidenta electa\u00a0<strong>Kamala Harris<\/strong><\/a><strong>\u00a0creci\u00f3 creyendo en la promesa de este pa\u00eds<\/strong>\u00a0y luchando para asegurarse de que esa promesa\u00a0<strong>se cumpliera para todos en los Estados Unidos.<\/strong><\/p>\n<p>El padre de Harris emigr\u00f3 a Estados Unidos desde Jamaica para estudiar econom\u00eda y su madre emigr\u00f3 de India. La madre de Harris le dijo cuando era peque\u00f1a: \u201cNo te sientes y te quejes de las cosas, haz algo\u201d, que es lo que impulsa a Kamala todos los d\u00edas.<\/p>\n<p><strong>Kamala Harris tambi\u00e9n luch\u00f3 por las comunidades de California y proces\u00f3 a las bandas transnacionales que impulsaban la trata de personas<\/strong>, el contrabando de armas y las redes de narcotr\u00e1fico.<\/p>\n<p><strong>Harris se gradu\u00f3 de la Universidad de Howard en Washington, D.C.,<\/strong>\u00a0donde fue miembro de la sororidad Alpha Kappa Alpha Inc., y obtuvo un t\u00edtulo en derecho de la Facultad de Derecho Hastings de la Universidad de California.<\/p>\n<p>INF.DE UNOTV\/M\u00c9XICO&#8230;.<\/p>\n","protected":false},"excerpt":{"rendered":"<p>Kamala Harris calific\u00f3 a los c\u00e1rteles mexicanos como \u201cDelincuencia Organizada Trasnacional\u201d. | Foto: AFP REDACCI\u00d3N\/VOCESVER.COM\/NOTICIAS INTERNACIONAL.- A 18 de Enero<\/p>\n","protected":false},"author":2,"featured_media":27630,"comment_status":"open","ping_status":"open","sticky":false,"template":"","format":"standard","meta":{"colormag_page_container_layout":"default_layout","colormag_page_sidebar_layout":"default_layout","footnotes":""},"categories":[6],"tags":[],"class_list":["post-27629","post","type-post","status-publish","format-standard","has-post-thumbnail","hentry","category-internacional"],"_links":{"self":[{"href":"http:\/\/vocesver.com\/noticias\/wp-json\/wp\/v2\/posts\/27629","targetHints":{"allow":["GET"]}}],"collection":[{"href":"http:\/\/vocesver.com\/noticias\/wp-json\/wp\/v2\/posts"}],"about":[{"href":"http:\/\/vocesver.com\/noticias\/wp-json\/wp\/v2\/types\/post"}],"author":[{"embeddable":true,"href":"http:\/\/vocesver.com\/noticias\/wp-json\/wp\/v2\/users\/2"}],"replies":[{"embeddable":true,"href":"http:\/\/vocesver.com\/noticias\/wp-json\/wp\/v2\/comments?post=27629"}],"version-history":[{"count":1,"href":"http:\/\/vocesver.com\/noticias\/wp-json\/wp\/v2\/posts\/27629\/revisions"}],"predecessor-version":[{"id":27631,"href":"http:\/\/vocesver.com\/noticias\/wp-json\/wp\/v2\/posts\/27629\/revisions\/27631"}],"wp:featuredmedia":[{"embeddable":true,"href":"http:\/\/vocesver.com\/noticias\/wp-json\/wp\/v2\/media\/27630"}],"wp:attachment":[{"href":"http:\/\/vocesver.com\/noticias\/wp-json\/wp\/v2\/media?parent=27629"}],"wp:term":[{"taxonomy":"category","embeddable":true,"href":"http:\/\/vocesver.com\/noticias\/wp-json\/wp\/v2\/categories?post=27629"},{"taxonomy":"post_tag","embeddable":true,"href":"http:\/\/vocesver.com\/noticias\/wp-json\/wp\/v2\/tags?post=27629"}],"curies":[{"name":"wp","href":"https:\/\/api.w.org\/{rel}","templated":true}]}}