{"id":27626,"date":"2021-01-18T17:21:35","date_gmt":"2021-01-18T17:21:35","guid":{"rendered":"http:\/\/vocesver.com\/noticias\/?p=27626"},"modified":"2021-01-18T17:21:43","modified_gmt":"2021-01-18T17:21:43","slug":"primer-embarque-de-vacuna-astrazeneca-ha-sido-enviado-a-mexico-para-su-emvasadoamlo","status":"publish","type":"post","link":"http:\/\/vocesver.com\/noticias\/primer-embarque-de-vacuna-astrazeneca-ha-sido-enviado-a-mexico-para-su-emvasadoamlo\/","title":{"rendered":"PRIMER EMBARQUE DE VACUNA ASTRAZENECA HA SIDO ENVIADO A M\u00c9XICO PARA SU EMVASADO:AMLO"},"content":{"rendered":"<p>Foto: AFP<\/p>\n<p>REDACCI\u00d3N\/VOCESVER.COM\/NOTICIAS<\/p>\n<p>NACIONAL. A 18 de Enero 2021.De acuerdo con informaci\u00f3n de UNOTV\/M\u00c9XICO&#8230;.. El primer embarque de vacuna contra COVID-19 desarrollada por el laboratorio AstraZeneca y la Universidad de Oxford, ya ha sido enviado a M\u00e9xico para su envasado, inform\u00f3 el presidente Andr\u00e9s Manuel L\u00f3pez Obrador.<\/p>\n<p>Durante la\u00a0<a href=\"https:\/\/www.unotv.com\/nacional\/la-mananera-de-amlo-18-de-enero-de-2021-en-vivo-sigue-los-temas-minuto-a-minuto\/\">conferencia ma\u00f1anera de este 18 de enero de 2021<\/a>, el mandatario record\u00f3 que la inmunizaci\u00f3n con el f\u00e1rmaco de AstraZeneca se sumar\u00e1 a la que ya se realiza con la de Pfizer, y que se contar\u00e1 con otras opciones desarrolladas por laboratorios de China, Alemania y Rusia.<\/p>\n<h2>La vacuna de AstraZeneca en M\u00e9xico<\/h2>\n<p>La\u00a0<a href=\"https:\/\/www.unotv.com\/nacional\/cofepris-autoriza-uso-de-emergencia-de-vacuna-covid-19-de-astrazeneca\/\" target=\"_blank\" rel=\"noreferrer noopener\" aria-label=\"undefined (abre en una nueva pesta\u00f1a)\">Cofepris dio la autorizaci\u00f3n de emergencia para la vacuna contra COVID-19 desarrollada por el laboratorio\u00a0<strong>AstraZeneca<\/strong>\u00a0<\/a>y la Universidad de Oxford el pasado 4 de enero.<\/p>\n<p>M\u00e9xico participa en un\u00a0<a href=\"https:\/\/www.unotv.com\/nacional\/astrazeneca-y-fundacion-carlos-slim-produciran-vacuna-contra-covid-19-para-america-latina\/\" target=\"_blank\" rel=\"noreferrer noopener\" aria-label=\"undefined (abre en una nueva pesta\u00f1a)\">acuerdo con la Fundaci\u00f3n Carlos Slim,\u00a0<strong>AstraZeneca<\/strong>\u00a0y la Universidad de Oxford<\/a>\u00a0para la producci\u00f3n del biol\u00f3gico en Argentina y su envasado en instalaciones mexicanas, as\u00ed como su distribuci\u00f3n sin fines de lucro en Am\u00e9rica Latina, excepto Brasil.<\/p>\n<p>El convenio firmado por M\u00e9xico incluye la adquisici\u00f3n de 77,4 millones de dosis de la vacuna de\u00a0<strong>AstraZeneca<\/strong>-Oxford.<\/p>\n<h2>La ventaja de la vacuna de AstraZeneca<\/h2>\n<p>La vacuna de AstraZeneca tiene la gran ventaja de utilizar una tecnolog\u00eda m\u00e1s tradicional, lo que la hace menos costosa y m\u00e1s f\u00e1cil de almacenar y transportar, ya que no necesita ser conservada a muy baja temperatura como la de Pfizer o Moderna: se puede guardar al menos seis meses refrigerada entre 2\u00baC y 8\u00baC.<\/p>\n<p>&nbsp;<\/p>\n<p>INF- DE UNOTV\/M\u00c9XICO&#8230;.<\/p>\n","protected":false},"excerpt":{"rendered":"<p>Foto: AFP REDACCI\u00d3N\/VOCESVER.COM\/NOTICIAS NACIONAL. A 18 de Enero 2021.De acuerdo con informaci\u00f3n de UNOTV\/M\u00c9XICO&#8230;.. El primer embarque de vacuna contra<\/p>\n","protected":false},"author":2,"featured_media":27627,"comment_status":"open","ping_status":"open","sticky":false,"template":"","format":"standard","meta":{"colormag_page_container_layout":"default_layout","colormag_page_sidebar_layout":"default_layout","footnotes":""},"categories":[5],"tags":[],"class_list":["post-27626","post","type-post","status-publish","format-standard","has-post-thumbnail","hentry","category-nacional"],"_links":{"self":[{"href":"http:\/\/vocesver.com\/noticias\/wp-json\/wp\/v2\/posts\/27626","targetHints":{"allow":["GET"]}}],"collection":[{"href":"http:\/\/vocesver.com\/noticias\/wp-json\/wp\/v2\/posts"}],"about":[{"href":"http:\/\/vocesver.com\/noticias\/wp-json\/wp\/v2\/types\/post"}],"author":[{"embeddable":true,"href":"http:\/\/vocesver.com\/noticias\/wp-json\/wp\/v2\/users\/2"}],"replies":[{"embeddable":true,"href":"http:\/\/vocesver.com\/noticias\/wp-json\/wp\/v2\/comments?post=27626"}],"version-history":[{"count":1,"href":"http:\/\/vocesver.com\/noticias\/wp-json\/wp\/v2\/posts\/27626\/revisions"}],"predecessor-version":[{"id":27628,"href":"http:\/\/vocesver.com\/noticias\/wp-json\/wp\/v2\/posts\/27626\/revisions\/27628"}],"wp:featuredmedia":[{"embeddable":true,"href":"http:\/\/vocesver.com\/noticias\/wp-json\/wp\/v2\/media\/27627"}],"wp:attachment":[{"href":"http:\/\/vocesver.com\/noticias\/wp-json\/wp\/v2\/media?parent=27626"}],"wp:term":[{"taxonomy":"category","embeddable":true,"href":"http:\/\/vocesver.com\/noticias\/wp-json\/wp\/v2\/categories?post=27626"},{"taxonomy":"post_tag","embeddable":true,"href":"http:\/\/vocesver.com\/noticias\/wp-json\/wp\/v2\/tags?post=27626"}],"curies":[{"name":"wp","href":"https:\/\/api.w.org\/{rel}","templated":true}]}}