{"id":27613,"date":"2021-01-18T16:45:05","date_gmt":"2021-01-18T16:45:05","guid":{"rendered":"http:\/\/vocesver.com\/noticias\/?p=27613"},"modified":"2021-01-18T16:49:26","modified_gmt":"2021-01-18T16:49:26","slug":"los-constructores-cierran-filas-en-torno-a-marcos-orduna-alcocer","status":"publish","type":"post","link":"http:\/\/vocesver.com\/noticias\/los-constructores-cierran-filas-en-torno-a-marcos-orduna-alcocer\/","title":{"rendered":"LOS CONSTRUCTORES CIERRAN FILAS EN TORNO A MARCOS ORDU\u00d1A ALCOCER."},"content":{"rendered":"<p><a href=\"http:\/\/vocesver.com\/noticias\/wp-content\/uploads\/2021\/01\/FILA3.jpg\"><img loading=\"lazy\" decoding=\"async\" class=\"alignnone size-medium wp-image-27618\" src=\"http:\/\/vocesver.com\/noticias\/wp-content\/uploads\/2021\/01\/FILA3-300x188.jpg\" alt=\"\" width=\"300\" height=\"188\" srcset=\"http:\/\/vocesver.com\/noticias\/wp-content\/uploads\/2021\/01\/FILA3-300x188.jpg 300w, http:\/\/vocesver.com\/noticias\/wp-content\/uploads\/2021\/01\/FILA3-768x480.jpg 768w, http:\/\/vocesver.com\/noticias\/wp-content\/uploads\/2021\/01\/FILA3-1024x640.jpg 1024w, http:\/\/vocesver.com\/noticias\/wp-content\/uploads\/2021\/01\/FILA3.jpg 1280w\" sizes=\"auto, (max-width: 300px) 100vw, 300px\" \/><\/a><a href=\"http:\/\/vocesver.com\/noticias\/wp-content\/uploads\/2021\/01\/FILA2.jpg\"><img loading=\"lazy\" decoding=\"async\" class=\"alignnone size-medium wp-image-27616\" src=\"http:\/\/vocesver.com\/noticias\/wp-content\/uploads\/2021\/01\/FILA2-300x200.jpg\" alt=\"\" width=\"300\" height=\"200\" srcset=\"http:\/\/vocesver.com\/noticias\/wp-content\/uploads\/2021\/01\/FILA2-300x200.jpg 300w, http:\/\/vocesver.com\/noticias\/wp-content\/uploads\/2021\/01\/FILA2-768x512.jpg 768w, http:\/\/vocesver.com\/noticias\/wp-content\/uploads\/2021\/01\/FILA2-1024x682.jpg 1024w, http:\/\/vocesver.com\/noticias\/wp-content\/uploads\/2021\/01\/FILA2.jpg 1280w\" sizes=\"auto, (max-width: 300px) 100vw, 300px\" \/><\/a><\/p>\n<p>\u00b7 Lo reeligen como presidente de la CMIC Veracruz-Puerto para el periodo 2021-2022.<\/p>\n<p>AUSENCIO RIVERA\/VOCESVER.COM\/NOTICIAS<\/p>\n<p>Boca del R\u00edo, Ver. 17 de enero de 2021.- Es urgente la reactivaci\u00f3n de la econom\u00eda ante los embates que estamos padeciendo todos los sectores productivos del pa\u00eds, expres\u00f3 el ingeniero Marcos Ordu\u00f1a Alcocer, al rendir protesta -por un nuevo periodo- como presidente de la C\u00e1mara Mexicana de la Industria de la Construcci\u00f3n, delegaci\u00f3n Veracruz-Puerto.<\/p>\n<p>De forma virtual -por respeto a los protocolos que marca el distanciamiento social por la contingencia Covid19- y en total apego a los estatutos rectores, se llev\u00f3 a cabo la Asamblea General Ordinaria de la CMIC Veracruz-Puerto, en la que Ordu\u00f1a Alcocer rindi\u00f3 cuentas del estado que guarda el sector que representa, considerado pilar del desarrollo de la econom\u00eda local, estatal y nacional.<\/p>\n<p>Como parte del programa se present\u00f3 un informe detallado de las actividades que el organismo empresarial llev\u00f3 durante el 2020, a\u00f1o complicado por la contingencia sanitaria, cuyos efectos provoc\u00f3 el cierre -durante cuatro meses- de las oficinas centrales de la delegaci\u00f3n, \u201cpero abri\u00f3 una ventana de oportunidades hacia el uso de nuevas tecnolog\u00edas de informaci\u00f3n y comunicaci\u00f3n, donde la CMIC fue ejemplo nacional en su manejo\u201d.<\/p>\n<p>Marcos Ordu\u00f1a subray\u00f3 que CMIC Veracruz-Puerto se convirti\u00f3 durante el 2020 en un instrumento de apoyo para el presidente nacional, Eduardo Ram\u00edrez Leal, con quien se desarrollaron propuestas de trabajo ante la Conferencia Nacional de Gobernadores (CONAGO).<\/p>\n<p>\u201cEstas son acciones y resultados que enorgullecen y ponen en alto a la CMIC Veracruz-Puerto\u201d, asegur\u00f3 el ingeniero Ordu\u00f1a, quien sostuvo que la continuidad de los programas de trabajo ser\u00e1 una realidad durante el nuevo periodo por el que fue elegido.<\/p>\n<p>Una vez presentados los estados financieros y el correcto funcionamiento de las instalaciones de dicha c\u00e1mara empresarial, los asistentes en la asamblea cerraron filas y proclamaron su respaldo incondicional para que Marcos Rafael Ordu\u00f1a Alcocer contin\u00fae al frente del organismo durante el nuevo periodo 2021-2022.<\/p>\n<p>\u201cCon la unidad de los constructores, lograremos las metas establecidas en materia de capacitaci\u00f3n y desarrollo (&#8230;) Es cierto, urge la reactivaci\u00f3n de la econom\u00eda del pa\u00eds, pues los embates han sido severos. Pero los constructores integramos uno de los sectores m\u00e1s productivos e importantes del pa\u00eds, por lo que daremos la batalla y saldremos adelante como siempre lo hemos hecho\u201d, expres\u00f3 finalmente el l\u00edder empresarial.<\/p>\n","protected":false},"excerpt":{"rendered":"<p>\u00b7 Lo reeligen como presidente de la CMIC Veracruz-Puerto para el periodo 2021-2022. AUSENCIO RIVERA\/VOCESVER.COM\/NOTICIAS Boca del R\u00edo, Ver. 17<\/p>\n","protected":false},"author":2,"featured_media":27615,"comment_status":"open","ping_status":"open","sticky":false,"template":"","format":"standard","meta":{"colormag_page_container_layout":"default_layout","colormag_page_sidebar_layout":"default_layout","footnotes":""},"categories":[2],"tags":[],"class_list":["post-27613","post","type-post","status-publish","format-standard","has-post-thumbnail","hentry","category-infogral"],"_links":{"self":[{"href":"http:\/\/vocesver.com\/noticias\/wp-json\/wp\/v2\/posts\/27613","targetHints":{"allow":["GET"]}}],"collection":[{"href":"http:\/\/vocesver.com\/noticias\/wp-json\/wp\/v2\/posts"}],"about":[{"href":"http:\/\/vocesver.com\/noticias\/wp-json\/wp\/v2\/types\/post"}],"author":[{"embeddable":true,"href":"http:\/\/vocesver.com\/noticias\/wp-json\/wp\/v2\/users\/2"}],"replies":[{"embeddable":true,"href":"http:\/\/vocesver.com\/noticias\/wp-json\/wp\/v2\/comments?post=27613"}],"version-history":[{"count":3,"href":"http:\/\/vocesver.com\/noticias\/wp-json\/wp\/v2\/posts\/27613\/revisions"}],"predecessor-version":[{"id":27619,"href":"http:\/\/vocesver.com\/noticias\/wp-json\/wp\/v2\/posts\/27613\/revisions\/27619"}],"wp:featuredmedia":[{"embeddable":true,"href":"http:\/\/vocesver.com\/noticias\/wp-json\/wp\/v2\/media\/27615"}],"wp:attachment":[{"href":"http:\/\/vocesver.com\/noticias\/wp-json\/wp\/v2\/media?parent=27613"}],"wp:term":[{"taxonomy":"category","embeddable":true,"href":"http:\/\/vocesver.com\/noticias\/wp-json\/wp\/v2\/categories?post=27613"},{"taxonomy":"post_tag","embeddable":true,"href":"http:\/\/vocesver.com\/noticias\/wp-json\/wp\/v2\/tags?post=27613"}],"curies":[{"name":"wp","href":"https:\/\/api.w.org\/{rel}","templated":true}]}}