{"id":27609,"date":"2021-01-15T22:47:47","date_gmt":"2021-01-15T22:47:47","guid":{"rendered":"http:\/\/vocesver.com\/noticias\/?p=27609"},"modified":"2021-01-15T22:48:09","modified_gmt":"2021-01-15T22:48:09","slug":"el-mundo-supera-los-2-millones-de-muertos-por-covid-19aumentan-contagios","status":"publish","type":"post","link":"http:\/\/vocesver.com\/noticias\/el-mundo-supera-los-2-millones-de-muertos-por-covid-19aumentan-contagios\/","title":{"rendered":"EL MUNDO SUPERA LOS 2 MILLONES DE MUERTOS POR COVID-19;AUMENTAN CONTAGIOS."},"content":{"rendered":"<p>La cifra de muertos por COVID-19 super\u00f3 los dos millones en el mundo. Foto: AFP<\/p>\n<p>REDACCI\u00d3N\/VOCESVER.COM\/NOTICIAS.<\/p>\n<p>INTERNACIONAL- A 15 de Enero 2021.- De acuerdo con informaci\u00f3n de AGENCIA\/PARIS,FRANCIA\/AFP&#8230;&#8230;.La cifra de\u00a0<strong>muertos\u00a0<\/strong>por\u00a0<strong>COVID-19\u00a0<\/strong>super\u00f3 este\u00a0<strong>viernes\u00a0<\/strong>los\u00a0<strong>dos millones\u00a0<\/strong>en el\u00a0<strong>mundo\u00a0<\/strong>y la\u00a0<strong><a href=\"https:\/\/www.unotv.com\/internacional\/origen-de-covid-19-especialistas-de-la-oms-llegan-a-wuhan-a-investigar\/\" target=\"_blank\" rel=\"noreferrer noopener\" aria-label=\"undefined (abre en una nueva pesta\u00f1a)\">Organizaci\u00f3n Mundial de la Salud (OMS)<\/a>\u00a0<\/strong>alert\u00f3 de la situaci\u00f3n\u00a0<strong>catastr\u00f3fica\u00a0<\/strong>en\u00a0<strong>Brasil<\/strong>, mientras que el\u00a0<strong><a href=\"https:\/\/www.unotv.com\/internacional\/vacuna-covid-pfizer-reducira-el-ritmo-de-entrega-de-dosis-a-finales-de-enero\/\" target=\"_blank\" rel=\"noreferrer noopener\" aria-label=\"undefined (abre en una nueva pesta\u00f1a)\">laboratorio Pfizer\u00a0<\/a><\/strong>anunciaba retrasos en la entrega de\u00a0<strong>vacunas.<\/strong><\/p>\n<p>La situaci\u00f3n en la regi\u00f3n brasile\u00f1a de\u00a0<strong>Amazonas\u00a0<\/strong>es peor que durante la primera ola de la\u00a0<strong>pandemia<\/strong>, y puede provocar la implosi\u00f3n del sistema sanitario, advirti\u00f3 la\u00a0<strong><a href=\"https:\/\/www.unotv.com\/internacional\/variante-de-covid-19-detectada-en-reino-unido-esta-en-50-paises-oms-2\/\" target=\"_blank\" rel=\"noreferrer noopener\" aria-label=\"undefined (abre en una nueva pesta\u00f1a)\">Organizaci\u00f3n Mundial de la Salud.<\/a><\/strong><\/p>\n<blockquote class=\"wp-block-quote\"><p>\u201c\u2026 De continuar as\u00ed las cosas, claramente vamos a ver una ola que ser\u00e1 peor que la ola catastr\u00f3fica en abril y mayo \u2026\u201d,<\/p>\n<p><cite>Alert\u00f3 el director de emergencias de la organizaci\u00f3n, Michael Ryan.<\/cite><\/p><\/blockquote>\n<p>Falta\u00a0<strong>ox\u00edgeno<\/strong>,\u00a0<strong>guantes<\/strong>, y el\u00a0<strong>personal sanitario\u00a0<\/strong>est\u00e1 enfermando.<\/p>\n<blockquote class=\"wp-block-quote\"><p>Cuando esos trabajadores, y los empleados de laboratorios, empiezan a enfermar masivamente \u201ctodo tu sistema sanitario empieza a implosionar\u201d,<\/p>\n<p><cite>Dijo Ryan.<\/cite><\/p><\/blockquote>\n<p>Y los\u00a0<strong>contagios\u00a0<\/strong>en\u00a0<strong>Sudam\u00e9rica<\/strong>, tambi\u00e9n en alza, no se pueden explicar exclusivamente por<a href=\"https:\/\/www.unotv.com\/internacional\/nueva-cepa-covid-19-de-brasil-reino-unido-prohibe-entrada-de-viajeros-de-sudamerica\/\" target=\"_blank\" rel=\"noreferrer noopener\" aria-label=\"undefined (abre en una nueva pesta\u00f1a)\">\u00a0nuevas variantes del\u00a0<strong>COVID-19.<\/strong><\/a><\/p>\n<h2>Europa supera los 30\u00a0<strong>millones<\/strong>\u00a0de contagios<\/h2>\n<p>De los\u00a0<strong>2 millones 066 muertos por COVID-19\u00a0<\/strong>desde el descubrimiento del virus en\u00a0<strong>China\u00a0<\/strong>en\u00a0<strong>diciembre\u00a0<\/strong>de\u00a0<strong>2019<\/strong>,\u00a0<strong>Europa\u00a0<\/strong>aparece como la regi\u00f3n m\u00e1s castigada con\u00a0<strong>650 mil 560 muertes<\/strong>; seguida de\u00a0<strong>Am\u00e9rica Latina\u00a0<\/strong>y el\u00a0<strong>Caribe<\/strong>, con 542 mil 410 decesos; y\u00a0<strong>Estados Unidos\u00a0<\/strong>y\u00a0<strong>Canad\u00e1<\/strong>, con 407 mil 90 muertos.<\/p>\n<p><strong>Europa\u00a0<\/strong>super\u00f3 el viernes los\u00a0<strong>30\u00a0millones<\/strong>\u00a0de\u00a0<strong>contagios\u00a0<\/strong>y, entre los pa\u00edses que experimentaron alzas preocupantes en los \u00faltimos siete d\u00edas, destaca\u00a0<strong>Espa\u00f1a<\/strong>, donde los\u00a0<strong>contagios\u00a0<\/strong>de\u00a0<strong>COVID-19\u00a0<\/strong>aumentaron un\u00a0<strong>168%<\/strong>\u00a0y hubo m\u00e1s de 193 mil\u00a0<strong>nuevas infecciones<\/strong>, seguido de\u00a0<strong>Portugal\u00a0<\/strong>y\u00a0<strong>B\u00e9lgica.<\/strong><\/p>\n<p>Pero la situaci\u00f3n tambi\u00e9n es grave en\u00a0<strong>Alemania<\/strong>, donde se superaron los dos\u00a0<strong>millones<\/strong>\u00a0de infectados. El pa\u00eds sum\u00f3 otros\u00a0<strong>22 mil 368 casos\u00a0<\/strong>y\u00a0<strong>mil 113 muertos\u00a0<\/strong>en las \u00faltimas\u00a0<strong>24 horas\u00a0<\/strong>y el n\u00famero de fallecidos roza los\u00a0<strong>45 mil.<\/strong><\/p>\n<p>&nbsp;<\/p>\n<p>INF. DE AGENCIA\/PARIS,FRANCIA\/AFP&#8230;&#8230;<\/p>\n","protected":false},"excerpt":{"rendered":"<p>La cifra de muertos por COVID-19 super\u00f3 los dos millones en el mundo. Foto: AFP REDACCI\u00d3N\/VOCESVER.COM\/NOTICIAS. INTERNACIONAL- A 15 de<\/p>\n","protected":false},"author":2,"featured_media":27610,"comment_status":"open","ping_status":"open","sticky":false,"template":"","format":"standard","meta":{"colormag_page_container_layout":"default_layout","colormag_page_sidebar_layout":"default_layout","footnotes":""},"categories":[6],"tags":[],"class_list":["post-27609","post","type-post","status-publish","format-standard","has-post-thumbnail","hentry","category-internacional"],"_links":{"self":[{"href":"http:\/\/vocesver.com\/noticias\/wp-json\/wp\/v2\/posts\/27609","targetHints":{"allow":["GET"]}}],"collection":[{"href":"http:\/\/vocesver.com\/noticias\/wp-json\/wp\/v2\/posts"}],"about":[{"href":"http:\/\/vocesver.com\/noticias\/wp-json\/wp\/v2\/types\/post"}],"author":[{"embeddable":true,"href":"http:\/\/vocesver.com\/noticias\/wp-json\/wp\/v2\/users\/2"}],"replies":[{"embeddable":true,"href":"http:\/\/vocesver.com\/noticias\/wp-json\/wp\/v2\/comments?post=27609"}],"version-history":[{"count":1,"href":"http:\/\/vocesver.com\/noticias\/wp-json\/wp\/v2\/posts\/27609\/revisions"}],"predecessor-version":[{"id":27611,"href":"http:\/\/vocesver.com\/noticias\/wp-json\/wp\/v2\/posts\/27609\/revisions\/27611"}],"wp:featuredmedia":[{"embeddable":true,"href":"http:\/\/vocesver.com\/noticias\/wp-json\/wp\/v2\/media\/27610"}],"wp:attachment":[{"href":"http:\/\/vocesver.com\/noticias\/wp-json\/wp\/v2\/media?parent=27609"}],"wp:term":[{"taxonomy":"category","embeddable":true,"href":"http:\/\/vocesver.com\/noticias\/wp-json\/wp\/v2\/categories?post=27609"},{"taxonomy":"post_tag","embeddable":true,"href":"http:\/\/vocesver.com\/noticias\/wp-json\/wp\/v2\/tags?post=27609"}],"curies":[{"name":"wp","href":"https:\/\/api.w.org\/{rel}","templated":true}]}}