{"id":27606,"date":"2021-01-15T22:36:04","date_gmt":"2021-01-15T22:36:04","guid":{"rendered":"http:\/\/vocesver.com\/noticias\/?p=27606"},"modified":"2021-01-15T22:41:33","modified_gmt":"2021-01-15T22:41:33","slug":"se-mantienen-las-acciones-de-desinfeccion-e-higiene-en-la-ciudadades-judiciales-del-poder-judicial-del-estado","status":"publish","type":"post","link":"http:\/\/vocesver.com\/noticias\/se-mantienen-las-acciones-de-desinfeccion-e-higiene-en-la-ciudadades-judiciales-del-poder-judicial-del-estado\/","title":{"rendered":"SE MANTIENEN LAS ACCIONES DE DESINFECCI\u00d3N E HIGIENE EN LA CIUDADADES JUDICIALES DEL PODER JUDICIAL DEL ESTADO."},"content":{"rendered":"<p dir=\"ltr\">AUSENCIO RIVERA\/VOCESVER.COM\/NOTICIAS<\/p>\n<p dir=\"ltr\">Xalapa, Ver., viernes 15 de enero de 2021.- El Poder Judicial del Estado de Veracruz contin\u00faa con los trabajos de desinfecci\u00f3n e higiene en sus distintas instalaciones con la finalidad de mantener espacios seguros para el personal de los \u00f3rganos jurisdiccionales y administrativos, as\u00ed como de las y los abogados y la ciudadan\u00eda.<\/p>\n<p dir=\"ltr\">Por instrucciones de la Magistrada Isabel In\u00e9s Romero Cruz, Presidenta del Tribunal Superior de Justicia y del Consejo de la Judicatura del Poder Judicial del Estado de Veracruz, se llevan a cabo trabajos de desinfecci\u00f3n en las Ciudades Judiciales de Huatusco, Coatepec, Amatl\u00e1n y Xalapa, ante el decreto estatal que establece la Alerta Preventiva para evitar contagios del virus Sars-Cov2 (Covid-19), mismo que suspendi\u00f3 parcialmente algunas de las actividades jurisdiccionales.<\/p>\n<p dir=\"ltr\">Para mantener espacios seguros que respeten las medidas sanitarias sugeridas por las autoridades de Salud a nivel estatal y federal, personal especializado realiza jornadas de limpieza en las \u00e1reas de trabajo, oficinas y juzgados de las diferentes Ciudades Judiciales.<\/p>\n<p dir=\"ltr\">Asimismo, se colocaron art\u00edculos de desinfecci\u00f3n e higiene, sumando acciones que refuerzan las medidas sanitarias en juzgados, \u00e1reas administrativas y salas en todo el Estado de Veracruz, con el fin de evitar el contagio del virus Covid-19.<\/p>\n<p dir=\"ltr\">El Poder Judicial del Estado de Veracruz, a cargo de Isabel In\u00e9s Romero Cruz, est\u00e1 comprometido en mantener todas las medidas sanitarias correspondientes para contener la pandemia que ataca al mundo entero, garantizando la justicia para los ciudadanos en la entidad veracruzana.<\/p>\n","protected":false},"excerpt":{"rendered":"<p>AUSENCIO RIVERA\/VOCESVER.COM\/NOTICIAS Xalapa, Ver., viernes 15 de enero de 2021.- El Poder Judicial del Estado de Veracruz contin\u00faa con los<\/p>\n","protected":false},"author":2,"featured_media":27608,"comment_status":"open","ping_status":"open","sticky":false,"template":"","format":"standard","meta":{"colormag_page_container_layout":"default_layout","colormag_page_sidebar_layout":"default_layout","footnotes":""},"categories":[2],"tags":[],"class_list":["post-27606","post","type-post","status-publish","format-standard","has-post-thumbnail","hentry","category-infogral"],"_links":{"self":[{"href":"http:\/\/vocesver.com\/noticias\/wp-json\/wp\/v2\/posts\/27606","targetHints":{"allow":["GET"]}}],"collection":[{"href":"http:\/\/vocesver.com\/noticias\/wp-json\/wp\/v2\/posts"}],"about":[{"href":"http:\/\/vocesver.com\/noticias\/wp-json\/wp\/v2\/types\/post"}],"author":[{"embeddable":true,"href":"http:\/\/vocesver.com\/noticias\/wp-json\/wp\/v2\/users\/2"}],"replies":[{"embeddable":true,"href":"http:\/\/vocesver.com\/noticias\/wp-json\/wp\/v2\/comments?post=27606"}],"version-history":[{"count":1,"href":"http:\/\/vocesver.com\/noticias\/wp-json\/wp\/v2\/posts\/27606\/revisions"}],"predecessor-version":[{"id":27607,"href":"http:\/\/vocesver.com\/noticias\/wp-json\/wp\/v2\/posts\/27606\/revisions\/27607"}],"wp:featuredmedia":[{"embeddable":true,"href":"http:\/\/vocesver.com\/noticias\/wp-json\/wp\/v2\/media\/27608"}],"wp:attachment":[{"href":"http:\/\/vocesver.com\/noticias\/wp-json\/wp\/v2\/media?parent=27606"}],"wp:term":[{"taxonomy":"category","embeddable":true,"href":"http:\/\/vocesver.com\/noticias\/wp-json\/wp\/v2\/categories?post=27606"},{"taxonomy":"post_tag","embeddable":true,"href":"http:\/\/vocesver.com\/noticias\/wp-json\/wp\/v2\/tags?post=27606"}],"curies":[{"name":"wp","href":"https:\/\/api.w.org\/{rel}","templated":true}]}}