{"id":27602,"date":"2021-01-15T22:31:17","date_gmt":"2021-01-15T22:31:17","guid":{"rendered":"http:\/\/vocesver.com\/noticias\/?p=27602"},"modified":"2021-01-15T22:33:55","modified_gmt":"2021-01-15T22:33:55","slug":"construye-prd-agenda-apegada-a-necesidades-y-propuestas-ciudadanas-en-la-entidad","status":"publish","type":"post","link":"http:\/\/vocesver.com\/noticias\/construye-prd-agenda-apegada-a-necesidades-y-propuestas-ciudadanas-en-la-entidad\/","title":{"rendered":"CONSTRUYE PRD AGENDA APEGADA A NECESIDADES Y PROPUESTAS CIUDADANAS EN LA ENTIDAD."},"content":{"rendered":"<p dir=\"ltr\">_-Toman protesta Direcciones Municipales de las altas monta\u00f1as_<\/p>\n<p dir=\"ltr\">_-Retoma Sol Azteca su posici\u00f3n como alternativa de representaci\u00f3n social_<\/p>\n<p dir=\"ltr\">POR:ALEJANDRO MURRIETA\/VOCESVER.COM\/NOTICIAS<\/p>\n<p dir=\"ltr\">Xalapa Ver., 15 de enero de 2021.- El Partido de la Revoluci\u00f3n Democr\u00e1tica en Veracruz ha escuchado y tomado nota de los comentarios, las sugerencias, demandas e inquietudes de un buen sector de la sociedad veracruzana que deseaba expresarse y ser escuchada, por lo que tiene plena certeza de que las propuestas y planteamientos que presentar\u00e1n sus candidatos son fiel reflejo del sentir social de una ciudadan\u00eda abandonada y lastimada por los abusos del partido en el poder.<br \/>\nLo anterior fue expresado por Carlos Cruz Ventura, secretario de asuntos electorales y\u00a0 pol\u00edtica de alianzas de la Direcci\u00f3n Estatal Ejecutiva del PRD, al encabezar el acto de toma de protesta de las direcciones municipales ejecutivas de Ciudad Mendoza y Tequila, en representaci\u00f3n del Presidente estatal, Sergio Cadena Mart\u00ednez.<br \/>\nPor su parte, Fausto Ram\u00edrez Guti\u00e9rrez, presidente de la DME de Ciudad Mendoza, a nombre de las y los perredistas de dicho municipio se comprometi\u00f3 a caminar casa por casa a todos los rincones del municipio para dialogar con los mendocinos a fin de reflexionar su pr\u00f3ximo sufragio, para que Veracruz razone por la mejor opci\u00f3n para las familias de la regi\u00f3n y la entidad.<br \/>\nAsimismo, dijo que mantendr\u00e1n la unidad interna que los ha fortalecido ante la sociedad, a fin de que las f\u00f3rmulas que los representen obtengan el triunfo que logre transformar a la entidad en fechas pr\u00f3ximas.<br \/>\nPor su parte, Alberta Zepahua Tezoco, nueva presidenta de la DME de Tequila, destac\u00f3 el trabajo que est\u00e1n realizando en su zona los militantes y simpatizantes del partido del sol azteca, quienes se\u00f1al\u00f3 buscar\u00e1n cambiar el rumbo de Veracruz porque los sectores vulnerables de la regi\u00f3n ya no aguantan m\u00e1s el olvido en el que se encuentran sumidos.<br \/>\nFinalmente, hizo un llamado a las mujeres del estado para apoyar a las planillas que como ella encabezar\u00e1n otras compa\u00f1eras en todo el estado, en reconocimiento a su trabajo, lucha y esfuerzo.<br \/>\nCarlos Cruz pidi\u00f3 a todos llevar el mensaje de aliento pero tambi\u00e9n de protecci\u00f3n y cuidado ante la pandemia que nos afecta a todos, por lo que hay que redoblar esfuerzos y proteger a familiares, amigos y vecinos, tomando medidas las medidas sanitarias pertinentes.<\/p>\n","protected":false},"excerpt":{"rendered":"<p>_-Toman protesta Direcciones Municipales de las altas monta\u00f1as_ _-Retoma Sol Azteca su posici\u00f3n como alternativa de representaci\u00f3n social_ POR:ALEJANDRO MURRIETA\/VOCESVER.COM\/NOTICIAS<\/p>\n","protected":false},"author":2,"featured_media":27605,"comment_status":"open","ping_status":"open","sticky":false,"template":"","format":"standard","meta":{"colormag_page_container_layout":"default_layout","colormag_page_sidebar_layout":"default_layout","footnotes":""},"categories":[4],"tags":[],"class_list":["post-27602","post","type-post","status-publish","format-standard","has-post-thumbnail","hentry","category-estatal"],"_links":{"self":[{"href":"http:\/\/vocesver.com\/noticias\/wp-json\/wp\/v2\/posts\/27602","targetHints":{"allow":["GET"]}}],"collection":[{"href":"http:\/\/vocesver.com\/noticias\/wp-json\/wp\/v2\/posts"}],"about":[{"href":"http:\/\/vocesver.com\/noticias\/wp-json\/wp\/v2\/types\/post"}],"author":[{"embeddable":true,"href":"http:\/\/vocesver.com\/noticias\/wp-json\/wp\/v2\/users\/2"}],"replies":[{"embeddable":true,"href":"http:\/\/vocesver.com\/noticias\/wp-json\/wp\/v2\/comments?post=27602"}],"version-history":[{"count":2,"href":"http:\/\/vocesver.com\/noticias\/wp-json\/wp\/v2\/posts\/27602\/revisions"}],"predecessor-version":[{"id":27604,"href":"http:\/\/vocesver.com\/noticias\/wp-json\/wp\/v2\/posts\/27602\/revisions\/27604"}],"wp:featuredmedia":[{"embeddable":true,"href":"http:\/\/vocesver.com\/noticias\/wp-json\/wp\/v2\/media\/27605"}],"wp:attachment":[{"href":"http:\/\/vocesver.com\/noticias\/wp-json\/wp\/v2\/media?parent=27602"}],"wp:term":[{"taxonomy":"category","embeddable":true,"href":"http:\/\/vocesver.com\/noticias\/wp-json\/wp\/v2\/categories?post=27602"},{"taxonomy":"post_tag","embeddable":true,"href":"http:\/\/vocesver.com\/noticias\/wp-json\/wp\/v2\/tags?post=27602"}],"curies":[{"name":"wp","href":"https:\/\/api.w.org\/{rel}","templated":true}]}}