{"id":27598,"date":"2021-01-15T22:25:20","date_gmt":"2021-01-15T22:25:20","guid":{"rendered":"http:\/\/vocesver.com\/noticias\/?p=27598"},"modified":"2021-01-15T22:27:14","modified_gmt":"2021-01-15T22:27:14","slug":"la-pma-hace-acciones-de-preservacion-en-laguna-olmeca","status":"publish","type":"post","link":"http:\/\/vocesver.com\/noticias\/la-pma-hace-acciones-de-preservacion-en-laguna-olmeca\/","title":{"rendered":"LA PMA HACE ACCIONES DE PRESERVACI\u00d3N EN LAGUNA OLMECA."},"content":{"rendered":"<p dir=\"ltr\">*Evita asentamientos ilegales en sus alrededores, como parte de un proyecto integral de rescate del manto acu\u00edfero.<\/p>\n<p dir=\"ltr\">REDACCI\u00d3N\/VOCESVER.COM\/NOTICIAS<\/p>\n<p dir=\"ltr\">Veracruz, Ver. 15 de enero de 2021- Como parte del proyecto integral de remediaci\u00f3n y rescate de la Laguna Olmeca, la Procuradur\u00eda Estatal de Protecci\u00f3n al Ambiente (PMA) realiza inspecciones peri\u00f3dicas para evitar el asentamiento irregular en dicha zona natural protegida, derribando cualquier construcci\u00f3n ilegal que la ciudadan\u00eda realice.<\/p>\n<p dir=\"ltr\">El titular de la PMA, Sergio Rodr\u00edguez Cort\u00e9s, explic\u00f3 que hace varios meses inici\u00f3 el proyecto, a petici\u00f3n de los propios vecinos, para restablecer los servicios ambientales que esta laguna ha brindado por muchos a\u00f1os a la zona conurbada, con autorizaci\u00f3n de Sedema, Conagua y el ayuntamiento.<\/p>\n<p dir=\"ltr\">Rodr\u00edguez Cort\u00e9s explic\u00f3 que este manto acu\u00edfero es constantemente invadido por ciudadanos que construyen viviendas sin importar que se trata de un \u00e1rea natural protegida por el Estado y, por ende, se encuentran en flagrancia realizando actividades de construcci\u00f3n en un \u00c1rea Natural Protegida, por lo tanto, se procede a la preservaci\u00f3n del lugar y su protecci\u00f3n efectiva.<\/p>\n<p dir=\"ltr\">Asimismo, explic\u00f3 el funcionario, con estas acciones se protege a los ciudadanos que, en forma ilegal, instalan chozas o viviendas en esta \u00e1rea protegida, en donde adem\u00e1s pasan ductos de Pemex y hay se\u00f1alamientos que indican la prohibici\u00f3n de escarbar o construir.<\/p>\n<p dir=\"ltr\">\u201cSe han realizado tres actuaciones de este tipo y se continuar\u00e1n realizando debido a que estas personas no cuentan con posesi\u00f3n legal, en ocasiones hay jaloneo de su parte debido a que no dimensionan el problema legal en el que est\u00e1n, se hace uso de la fuerza p\u00fablica para no exponer la integridad f\u00edsica del personal de la Procuradur\u00eda\u201d.<\/p>\n<p dir=\"ltr\">Agreg\u00f3 que la dependencia a su cargo mantiene estas acciones dirigidas a preservar dichos casos reguladores, pero, a su vez, a proteger a los ciudadanos cuya negligencia podr\u00eda causarles un da\u00f1o por asentarse en un \u00e1rea natural.<\/p>\n<p dir=\"ltr\">Lo anterior con el fin de preservar su integridad de acuerdo a la ley No. 856 de Protecci\u00f3n Civil y la Reducci\u00f3n del Riesgo de Desastres para el Estado de Veracruz de Ignacio de la Llave, cuyo art\u00edculo n\u00famero 106, apartado I, explica que: \u201cse considera como delito grave y se sancionar\u00e1 con prisi\u00f3n de tres a diez a\u00f1os y multa de valor diario de mil a cinco mil Unidades de Medida y Actualizaci\u00f3n vigente a quien construya, edifique o realice obras de infraestructura o promueva asentamientos humanos en zonas de riesgo.\u201d<\/p>\n<p dir=\"ltr\">La PMA reitera su compromiso con la ciudadan\u00eda para la salvaguarda y protecci\u00f3n del medio ambiente del Estado de Veracruz.<\/p>\n<div id=\"x_mail-app-auto-default-signature\">\n<p dir=\"ltr\">&#8212;<\/p>\n<\/div>\n<p dir=\"ltr\">\n","protected":false},"excerpt":{"rendered":"<p>*Evita asentamientos ilegales en sus alrededores, como parte de un proyecto integral de rescate del manto acu\u00edfero. REDACCI\u00d3N\/VOCESVER.COM\/NOTICIAS Veracruz, Ver.<\/p>\n","protected":false},"author":2,"featured_media":27601,"comment_status":"open","ping_status":"open","sticky":false,"template":"","format":"standard","meta":{"colormag_page_container_layout":"default_layout","colormag_page_sidebar_layout":"default_layout","footnotes":""},"categories":[2],"tags":[],"class_list":["post-27598","post","type-post","status-publish","format-standard","has-post-thumbnail","hentry","category-infogral"],"_links":{"self":[{"href":"http:\/\/vocesver.com\/noticias\/wp-json\/wp\/v2\/posts\/27598","targetHints":{"allow":["GET"]}}],"collection":[{"href":"http:\/\/vocesver.com\/noticias\/wp-json\/wp\/v2\/posts"}],"about":[{"href":"http:\/\/vocesver.com\/noticias\/wp-json\/wp\/v2\/types\/post"}],"author":[{"embeddable":true,"href":"http:\/\/vocesver.com\/noticias\/wp-json\/wp\/v2\/users\/2"}],"replies":[{"embeddable":true,"href":"http:\/\/vocesver.com\/noticias\/wp-json\/wp\/v2\/comments?post=27598"}],"version-history":[{"count":2,"href":"http:\/\/vocesver.com\/noticias\/wp-json\/wp\/v2\/posts\/27598\/revisions"}],"predecessor-version":[{"id":27600,"href":"http:\/\/vocesver.com\/noticias\/wp-json\/wp\/v2\/posts\/27598\/revisions\/27600"}],"wp:featuredmedia":[{"embeddable":true,"href":"http:\/\/vocesver.com\/noticias\/wp-json\/wp\/v2\/media\/27601"}],"wp:attachment":[{"href":"http:\/\/vocesver.com\/noticias\/wp-json\/wp\/v2\/media?parent=27598"}],"wp:term":[{"taxonomy":"category","embeddable":true,"href":"http:\/\/vocesver.com\/noticias\/wp-json\/wp\/v2\/categories?post=27598"},{"taxonomy":"post_tag","embeddable":true,"href":"http:\/\/vocesver.com\/noticias\/wp-json\/wp\/v2\/tags?post=27598"}],"curies":[{"name":"wp","href":"https:\/\/api.w.org\/{rel}","templated":true}]}}