{"id":27595,"date":"2021-01-15T16:41:23","date_gmt":"2021-01-15T16:41:23","guid":{"rendered":"http:\/\/vocesver.com\/noticias\/?p=27595"},"modified":"2021-01-15T16:41:32","modified_gmt":"2021-01-15T16:41:32","slug":"gobierno-ofrece-vacunar-a-estos-maestros-para-volver-a-clases","status":"publish","type":"post","link":"http:\/\/vocesver.com\/noticias\/gobierno-ofrece-vacunar-a-estos-maestros-para-volver-a-clases\/","title":{"rendered":"GOBIERNO OFRECE VACUNAR A ESTOS MAESTROS PARA VOLVER A CLASES."},"content":{"rendered":"<p>Para regresar a clases, AMLO ofreci\u00f3 a maestros la aplicaci\u00f3n de la vacuna contra COVID-19. Foto: Pixabay<\/p>\n<p>REDACCI\u00d3N\/VOCESVER.COM\/NOTICIAS<\/p>\n<p><strong><a href=\"https:\/\/www.unotv.com\/opinion\/martha-anaya\/si-se-deben-transmitir-las-mananeras-de-amlo-durante-tiempos-electorales\/\">NACIONAL.- A\u00a0 14 de Enero 2021.- De acuerdo con informaci\u00f3n de UNOTV\/M\u00c9XICO&#8230;&#8230;Andr\u00e9s Manuel L\u00f3pez Obrador (AMLO)<\/a>,<\/strong>\u00a0presidente de M\u00e9xico, ofreci\u00f3 a maestros de Chiapas y Campeche la aplicaci\u00f3n de la vacuna contra el\u00a0<strong>nuevo coronavirus (COVID-19)\u00a0<\/strong>para que los alumnos puedan<strong><a href=\"https:\/\/www.unotv.com\/nacional\/aprende-en-casa-iii-consulta-horarios-y-canales-por-grado-escolar\/\">\u00a0regresar a clases\u00a0<\/a><\/strong>presenciales, dijo, durante la XXII Reuni\u00f3n Extraordinaria del Consejo Nacional de Autoridades Educativas (<strong>Conaedu<\/strong>), el secretario de Educaci\u00f3n P\u00fablica,\u00a0<a href=\"https:\/\/www.unotv.com\/opinion\/javier-solorzano\/esteban-moctezuma-y-la-sep-que-va-a-pasar\/\">Esteban Moctezuma Barrag\u00e1n.<\/a><\/p>\n<p>El a\u00fan titular de la\u00a0<strong>Secretar\u00eda de Educaci\u00f3n P\u00fablica (SEP)\u00a0<\/strong>explic\u00f3 que una vez que se concluya la vacunaci\u00f3n del sector Salud, los maestros de los estados de<a href=\"https:\/\/www.unotv.com\/nacional\/regreso-a-aulas-en-campeche-y-chiapas-padres-y-maestros-no-estan-listos\/\">\u00a0Chiapas y Campeche<\/a>\u00a0podr\u00edan ser vacunados de manera prioritaria.<\/p>\n<p>Acompa\u00f1ado por la pr\u00f3xima secretaria de Educaci\u00f3n P\u00fablica,\u00a0<strong><a href=\"https:\/\/www.unotv.com\/nacional\/quien-es-delfina-gomez-nueva-titular-de-la-sep\/\">Delfina G\u00f3mez \u00c1lvarez<\/a><\/strong>, record\u00f3 que el Ciclo Escolar 2020-2021 se reinici\u00f3 de forma mixta, es decir, por las v\u00edas remota (en l\u00ednea) y presencial, debido a que en algunas escuelas de estados que ya se encuentran en sem\u00e1foro verde y amarillo pueden comenzar a abrir sus aulas, bajo la modalidad de\u00a0<a href=\"https:\/\/www.unotv.com\/nacional\/manana-regreso-a-clases-estos-estados-podrian-reabrir-escuelas\/\" target=\"_blank\" rel=\"noreferrer noopener\" aria-label=\"undefined (abre en una nueva pesta\u00f1a)\"><strong>Centros de Aprendizaje Comunitarios<\/strong>.<\/a><\/p>\n<p><strong><a href=\"https:\/\/www.unotv.com\/nacional\/perfil-de-esteban-moctezuma-proximo-embajador-de-mexico-en-eu\/\">Moctezuma Barrag\u00e1n\u00a0<\/a><\/strong>record\u00f3 que al nuevo coronavirus (COVID-19) se le considera una enfermedad de riesgo de trabajo, una situaci\u00f3n que entrar\u00e1 en vigor cuando se retomen las clases de manera presencial, y la cual beneficar\u00e1 al magisterio<\/p>\n<p>Recalc\u00f3 que, cuando\u00a0<a href=\"https:\/\/www.unotv.com\/estados\/morelos\/morelos-inicia-lunes-en-semaforo-amarillo-ve-que-si-y-no-puedes-hacer\/\"><strong>el sem\u00e1foro est\u00e9 en amarillo,<\/strong>\u00a0se pueden instalar los Centros Comunitarios de Aprendizaje,\u00a0<\/a>que, bajo estrictos protocolos, atender\u00e1n principalmente a estudiantes en condiciones vulnerables y a aquellos que presenten mayor rezago, para que puedan tener una relaci\u00f3n m\u00e1s cercana con su maestra o maestro.<\/p>\n<p>Coment\u00f3 que, durante estas dos semanas de regreso a clases, se reforzar\u00e1n los aprendizajes esperados, adem\u00e1s de que los docentes analizaron toda la programaci\u00f3n de Aprende en Casa y solicitaron la publicaci\u00f3n anticipada de los contenidos para planear sus actividades.<\/p>\n<p>&nbsp;<\/p>\n<p>INF..DE UNOTV\/M\u00c9XICO&#8230;<\/p>\n<div class=\"code-block code-block-center code-block-8\"><\/div>\n","protected":false},"excerpt":{"rendered":"<p>Para regresar a clases, AMLO ofreci\u00f3 a maestros la aplicaci\u00f3n de la vacuna contra COVID-19. Foto: Pixabay REDACCI\u00d3N\/VOCESVER.COM\/NOTICIAS NACIONAL.- A\u00a0<\/p>\n","protected":false},"author":2,"featured_media":27596,"comment_status":"open","ping_status":"open","sticky":false,"template":"","format":"standard","meta":{"colormag_page_container_layout":"default_layout","colormag_page_sidebar_layout":"default_layout","footnotes":""},"categories":[5],"tags":[],"class_list":["post-27595","post","type-post","status-publish","format-standard","has-post-thumbnail","hentry","category-nacional"],"_links":{"self":[{"href":"http:\/\/vocesver.com\/noticias\/wp-json\/wp\/v2\/posts\/27595","targetHints":{"allow":["GET"]}}],"collection":[{"href":"http:\/\/vocesver.com\/noticias\/wp-json\/wp\/v2\/posts"}],"about":[{"href":"http:\/\/vocesver.com\/noticias\/wp-json\/wp\/v2\/types\/post"}],"author":[{"embeddable":true,"href":"http:\/\/vocesver.com\/noticias\/wp-json\/wp\/v2\/users\/2"}],"replies":[{"embeddable":true,"href":"http:\/\/vocesver.com\/noticias\/wp-json\/wp\/v2\/comments?post=27595"}],"version-history":[{"count":1,"href":"http:\/\/vocesver.com\/noticias\/wp-json\/wp\/v2\/posts\/27595\/revisions"}],"predecessor-version":[{"id":27597,"href":"http:\/\/vocesver.com\/noticias\/wp-json\/wp\/v2\/posts\/27595\/revisions\/27597"}],"wp:featuredmedia":[{"embeddable":true,"href":"http:\/\/vocesver.com\/noticias\/wp-json\/wp\/v2\/media\/27596"}],"wp:attachment":[{"href":"http:\/\/vocesver.com\/noticias\/wp-json\/wp\/v2\/media?parent=27595"}],"wp:term":[{"taxonomy":"category","embeddable":true,"href":"http:\/\/vocesver.com\/noticias\/wp-json\/wp\/v2\/categories?post=27595"},{"taxonomy":"post_tag","embeddable":true,"href":"http:\/\/vocesver.com\/noticias\/wp-json\/wp\/v2\/tags?post=27595"}],"curies":[{"name":"wp","href":"https:\/\/api.w.org\/{rel}","templated":true}]}}