{"id":27587,"date":"2021-01-15T16:21:22","date_gmt":"2021-01-15T16:21:22","guid":{"rendered":"http:\/\/vocesver.com\/noticias\/?p=27587"},"modified":"2021-01-15T16:23:19","modified_gmt":"2021-01-15T16:23:19","slug":"habitantes-de-colinas-de-santa-fetemen-quedarse-sin-agua","status":"publish","type":"post","link":"http:\/\/vocesver.com\/noticias\/habitantes-de-colinas-de-santa-fetemen-quedarse-sin-agua\/","title":{"rendered":"HABITANTES DE COLINAS DE SANTA F\u00c9,TEMEN QUEDARSE SIN AGUA."},"content":{"rendered":"<p dir=\"ltr\">*La CFE los quiere obligar a pagar 7 mdp de adeudo que dej\u00f3 la constructora Homex.<\/p>\n<p dir=\"ltr\">*El suministro de la energ\u00eda es en el Pozo que abastece agua a m\u00e1s de 5 mil familias.<\/p>\n<p dir=\"ltr\">POR:ALEJANDRO MURRIETA\/VOCESVER.COM\/NOTICIAS<\/p>\n<p dir=\"ltr\">Veracruz,Ver.- Habitantes de la Unidad Habitacional Colinas de Santa F\u00e9, exigen una reuni\u00f3n inmediata o una mesa de trabajo con el actual Superintendente de la Comisi\u00f3n Federal de Electricidad (CFE), para solicitar terminen los conflictos por el corte de energ\u00eda el\u00e9ctrica del pozo que abastece el agua de la zona y que es un adeudo que dej\u00f3 la empresa Homex por m\u00e1s de 7 millones de pesos.<\/p>\n<p dir=\"ltr\">Mayra Cort\u00e9s Presidenta de la Asociaci\u00f3n Civil Residentes Unidos de Colinas de Santa Fe, pidi\u00f3 la intervenci\u00f3n de las autoridades, federales, estatales y municipales; ya que la empresa Homex, dej\u00f3 varias afectaciones en el Fraccionamiento, entre ellas el adeudo de la energ\u00eda el\u00e9ctrica del pozo de agua.<\/p>\n<p dir=\"ltr\">El \u00faltimo enfrentamiento fue el pasado 13 de enero, ya que trabajadores de la Comisi\u00f3n Federal de Electricidad (CFE), se presentaron a realizar el corte de energ\u00eda sin embargo los habitantes de la zona, de manera pac\u00edfica no lo permitieron.<\/p>\n<p dir=\"ltr\">\u201cEl 13 de enero del presente a\u00f1o nos encontramos laborando en las oficinas ubicadas frente al pozo que abastece a todo el fraccionamiento de agua, tuvimos la visita del personal de CFE con una orden de corte de luz para el pozo. En el cual nos opusimos de forma pac\u00edfica a dicho corte. Y hacemos un llamado a las autoridades municipales, estatales y federales para que nos resuelvan esta problem\u00e1tica\u201d.<\/p>\n<p dir=\"ltr\">Los manifestantes aseguran que ya se han realizado algunas reuniones, para darle soluci\u00f3n a esta problem\u00e1tica, sin embargo jam\u00e1s se han concluido por falta de alguna autoridad o representante, en este caso piden que en una pr\u00f3xima mesa de trabajo est\u00e9n presentes, autoridades de gobierno, INFONAVIT, FOVISSSTE y Representantes de la constructora de Homex.<\/p>\n<p dir=\"ltr\">La Presidenta de la Asociaci\u00f3n Civil Residentes Unidos de Colinas de Santa Fe, Mayra Cort\u00e9s; dijo que de realizarse corte de energ\u00eda al Pozo que abastece el vital l\u00edquido se ver\u00e1n afectadas casi 5 mil 700 familias.<\/p>\n<p dir=\"ltr\">\u201cHay temor que la CFE, llegue con la presencia de la Guardia Nacional para desmantelar la l\u00ednea de energ\u00eda, hacia el pozo\u201d.<\/p>\n<p dir=\"ltr\">Por \u00faltimo, los habitantes de la zona aseguran que tomaran medidas m\u00e1s dr\u00e1sticas para ser escuchados por las autoridades, porque pr\u00e1cticamente los tienen abandonados.<\/p>\n","protected":false},"excerpt":{"rendered":"<p>*La CFE los quiere obligar a pagar 7 mdp de adeudo que dej\u00f3 la constructora Homex. *El suministro de la<\/p>\n","protected":false},"author":2,"featured_media":27590,"comment_status":"open","ping_status":"open","sticky":false,"template":"","format":"standard","meta":{"colormag_page_container_layout":"default_layout","colormag_page_sidebar_layout":"default_layout","footnotes":""},"categories":[2],"tags":[],"class_list":["post-27587","post","type-post","status-publish","format-standard","has-post-thumbnail","hentry","category-infogral"],"_links":{"self":[{"href":"http:\/\/vocesver.com\/noticias\/wp-json\/wp\/v2\/posts\/27587","targetHints":{"allow":["GET"]}}],"collection":[{"href":"http:\/\/vocesver.com\/noticias\/wp-json\/wp\/v2\/posts"}],"about":[{"href":"http:\/\/vocesver.com\/noticias\/wp-json\/wp\/v2\/types\/post"}],"author":[{"embeddable":true,"href":"http:\/\/vocesver.com\/noticias\/wp-json\/wp\/v2\/users\/2"}],"replies":[{"embeddable":true,"href":"http:\/\/vocesver.com\/noticias\/wp-json\/wp\/v2\/comments?post=27587"}],"version-history":[{"count":2,"href":"http:\/\/vocesver.com\/noticias\/wp-json\/wp\/v2\/posts\/27587\/revisions"}],"predecessor-version":[{"id":27589,"href":"http:\/\/vocesver.com\/noticias\/wp-json\/wp\/v2\/posts\/27587\/revisions\/27589"}],"wp:featuredmedia":[{"embeddable":true,"href":"http:\/\/vocesver.com\/noticias\/wp-json\/wp\/v2\/media\/27590"}],"wp:attachment":[{"href":"http:\/\/vocesver.com\/noticias\/wp-json\/wp\/v2\/media?parent=27587"}],"wp:term":[{"taxonomy":"category","embeddable":true,"href":"http:\/\/vocesver.com\/noticias\/wp-json\/wp\/v2\/categories?post=27587"},{"taxonomy":"post_tag","embeddable":true,"href":"http:\/\/vocesver.com\/noticias\/wp-json\/wp\/v2\/tags?post=27587"}],"curies":[{"name":"wp","href":"https:\/\/api.w.org\/{rel}","templated":true}]}}