{"id":27581,"date":"2021-01-14T17:15:30","date_gmt":"2021-01-14T17:15:30","guid":{"rendered":"http:\/\/vocesver.com\/noticias\/?p=27581"},"modified":"2021-01-14T17:15:30","modified_gmt":"2021-01-14T17:15:30","slug":"volcan-etna-sorprende-con-rafagas-de-lava-ardiente-en-italia","status":"publish","type":"post","link":"http:\/\/vocesver.com\/noticias\/volcan-etna-sorprende-con-rafagas-de-lava-ardiente-en-italia\/","title":{"rendered":"VOLC\u00c1N ETNA SORPRENDE CON R\u00c1FAGAS DE LAVA ARDIENTE EN ITALIA."},"content":{"rendered":"<p>R\u00e1fagas de lava ardiente y sofocante se dispararon a 3 mil 330 metros de altura. Foto: Reuters<\/p>\n<p>REDACCI\u00d3N\/VOCESVER.COM\/NOTICIAS<\/p>\n<p>INTERNACIONAL.- A 14 de Enero 2021.- De acuerdo con informaci\u00f3n de REUTERS\/ITALIA\/AGENCIAS&#8230;.. Una\u00a0<strong>erupci\u00f3n del monte Etna<\/strong>\u00a0en Italia ilumin\u00f3 el\u00a0<strong>cielo<\/strong>\u00a0durante la noche del mi\u00e9rcoles y pudo ser visto desde\u00a0<strong>Fornazzo<\/strong>, un\u00a0<a href=\"https:\/\/www.unotv.com\/internacional\/monte-etna-entra-en-erupcion-en-sicilia-mira-las-imagenes\/\">peque\u00f1o pueblo bajo el volc\u00e1n.<\/a><\/p>\n<p><strong>R\u00e1fagas de lava ardiente<\/strong>\u00a0y sofocante se dispararon a\u00a0<strong>3 mil 330 metros de altura. Sin embargo, e<\/strong>sto ya es com\u00fan para los pobladores, pues puede\u00a0<strong>suceder varias veces al a\u00f1o.\u00a0<\/strong>La \u00faltima\u00a0<strong>gran erupci\u00f3n<\/strong>\u00a0fue en\u00a0<strong>1992<\/strong>.<\/p>\n<p>Las autoridades locales recalcaron que:<\/p>\n<blockquote class=\"wp-block-quote\"><p><em>\u201cLas caracter\u00edsticas peculiares de algunas fenomenolog\u00edas, t\u00edpico de un volc\u00e1n en estado frecuente de actividad y a menudo con estado persistente de desequilibrio como el Etna, puede ocurrir sin previo aviso o evolucionar de una manera inesperada y r\u00e1pida, lo que implica un nivel de peligro nunca nulo\u201d.<\/em><\/p><\/blockquote>\n<h2>Volc\u00e1n Etna, el m\u00e1s alto de Europa<\/h2>\n<p><a href=\"https:\/\/www.unotv.com\/noticias\/portal\/internacional\/detalle\/el-volcan-etna-en-italia-entra-de-nuevo-en-erupcion-649680\/\" target=\"_blank\" rel=\"noreferrer noopener\"><strong>El monte Etna se eleva a 3 mil 330 metros de altura<\/strong>\u00a0<\/a>y puede estallar en una acci\u00f3n espectacular varias veces al a\u00f1o, arrojando lava y ceniza sobre la isla mediterr\u00e1nea.<\/p>\n<h2>Algunos datos adicionales<\/h2>\n<p>El<strong>\u00a0monte\u00a0Etna es\u00a0el volc\u00e1n activo m\u00e1s alto de Europa<\/strong>\u00a0y<a href=\"https:\/\/www.unotv.com\/noticias\/portal\/tecnologia\/detalle\/abc-entender-volcanes-hacen-erupcion-811760\/\" target=\"_blank\" rel=\"noreferrer noopener\">\u00a0uno de los m\u00e1s grandes de todo el mundo.\u00a0<\/a>Forma parte de la\u00a0World Heritage List\u00a0de la UNESCO desde junio de 2013.<\/p>\n<p>El<strong>\u00a0Etna es considerado un laboratorio natural cient\u00edfico terrestre. \u00a0<\/strong><\/p>\n<blockquote class=\"wp-block-quote\"><p>\u201c<em>Los cr\u00e1teres, las cenizas, los r\u00edos de lava, las grutas hechas de lava y las depresiones de los valles del Bove, hacen del Etna un destino privilegiado y un importante centro de investigaci\u00f3n internacional con una larga historia de influencias en la ciencia de la vulcanolog\u00eda, la geolog\u00eda y las dem\u00e1s disciplinas cient\u00edficas de la tierra. Su notoriedad, su importancia cient\u00edfica y sus valores culturales y pedag\u00f3gicos son de importancia mundial<\/em>\u201c.<\/p><\/blockquote>\n<p>\u00c9stas son las innovaciones que han llevado a la\u00a0<strong>Unesco\u00a0<\/strong>a hacer del volc\u00e1n siciliano un patrimonio mundial.<\/p>\n<p>&nbsp;<\/p>\n<p>INF. DE REUTERS\/ITALIA\/AGENCIAS<\/p>\n","protected":false},"excerpt":{"rendered":"<p>R\u00e1fagas de lava ardiente y sofocante se dispararon a 3 mil 330 metros de altura. Foto: Reuters REDACCI\u00d3N\/VOCESVER.COM\/NOTICIAS INTERNACIONAL.- A<\/p>\n","protected":false},"author":2,"featured_media":27582,"comment_status":"open","ping_status":"open","sticky":false,"template":"","format":"standard","meta":{"colormag_page_container_layout":"default_layout","colormag_page_sidebar_layout":"default_layout","footnotes":""},"categories":[6],"tags":[],"class_list":["post-27581","post","type-post","status-publish","format-standard","has-post-thumbnail","hentry","category-internacional"],"_links":{"self":[{"href":"http:\/\/vocesver.com\/noticias\/wp-json\/wp\/v2\/posts\/27581","targetHints":{"allow":["GET"]}}],"collection":[{"href":"http:\/\/vocesver.com\/noticias\/wp-json\/wp\/v2\/posts"}],"about":[{"href":"http:\/\/vocesver.com\/noticias\/wp-json\/wp\/v2\/types\/post"}],"author":[{"embeddable":true,"href":"http:\/\/vocesver.com\/noticias\/wp-json\/wp\/v2\/users\/2"}],"replies":[{"embeddable":true,"href":"http:\/\/vocesver.com\/noticias\/wp-json\/wp\/v2\/comments?post=27581"}],"version-history":[{"count":1,"href":"http:\/\/vocesver.com\/noticias\/wp-json\/wp\/v2\/posts\/27581\/revisions"}],"predecessor-version":[{"id":27583,"href":"http:\/\/vocesver.com\/noticias\/wp-json\/wp\/v2\/posts\/27581\/revisions\/27583"}],"wp:featuredmedia":[{"embeddable":true,"href":"http:\/\/vocesver.com\/noticias\/wp-json\/wp\/v2\/media\/27582"}],"wp:attachment":[{"href":"http:\/\/vocesver.com\/noticias\/wp-json\/wp\/v2\/media?parent=27581"}],"wp:term":[{"taxonomy":"category","embeddable":true,"href":"http:\/\/vocesver.com\/noticias\/wp-json\/wp\/v2\/categories?post=27581"},{"taxonomy":"post_tag","embeddable":true,"href":"http:\/\/vocesver.com\/noticias\/wp-json\/wp\/v2\/tags?post=27581"}],"curies":[{"name":"wp","href":"https:\/\/api.w.org\/{rel}","templated":true}]}}