{"id":27573,"date":"2021-01-14T16:47:50","date_gmt":"2021-01-14T16:47:50","guid":{"rendered":"http:\/\/vocesver.com\/noticias\/?p=27573"},"modified":"2021-01-14T16:50:08","modified_gmt":"2021-01-14T16:50:08","slug":"anuncian-la-edicion-56-del-torneo-internacional-de-sabalo-de-plata","status":"publish","type":"post","link":"http:\/\/vocesver.com\/noticias\/anuncian-la-edicion-56-del-torneo-internacional-de-sabalo-de-plata\/","title":{"rendered":"ANUNCIAN LA EDICI\u00d3N 56 DEL TORNEO INTERNACIONAL DE S\u00c1BALO DE PLATA."},"content":{"rendered":"<p>&nbsp;<\/p>\n<p>*Comit\u00e9 Organizador informa que en agosto realizar\u00e1n el Torneo Internacional de Marl\u00edn 2021<\/p>\n<p>*Club de Yates Veracruz publica el Calendario Anual de Torneos del Golfo<\/p>\n<p>POR:ALEJANDRO MURRIETA\/VOCESVER.COM\/NOTICIAS<\/p>\n<p>(Veracruz, Ver., a 14 de enero de 2021).- Es oficial. La edici\u00f3n #56 del Torneo Internacional del S\u00e1balo de Plata 2020 ha sido anunciada, ser\u00e1 del 20 al 22 de mayo, as\u00ed fue revelado en las redes sociales oficiales del Club de Yates Veracruz.<\/p>\n<p>\u201cLa Tradici\u00f3n Contin\u00faa\u201d \u2026 El hist\u00f3rico certamen de pesca deportiva del Golfo de M\u00e9xico, desarrollado anualmente por el Club de Yates Veracruz, tendr\u00e1 sede en Marina Veramar, en donde se estima la participaci\u00f3n de prestigiados pescadores deportivos nacionales e internacionales.<\/p>\n<p>La fecha estipulada por el comit\u00e9 organizador para desarrollar la edici\u00f3n #56 del Torneo Internacional del S\u00e1balo de Plata 2021 ser\u00e1 del 20 al 22 de mayo; as\u00ed lo confirm\u00f3 el director de Torneos del Club de Yates de Veracruz, Gregorio Chedraui Bolado.<\/p>\n<p>El directivo veracruzano confirm\u00f3 la realizaci\u00f3n del Torneo Internacional del Marl\u00edn en su edici\u00f3n #20, programado para desarrollarse del 26 al 28 de agosto en el presente a\u00f1o.<\/p>\n<p>\u201cVamos a estar al pendiente de las condiciones de seguridad para todos los participantes, tenemos que planear con tiempo y tenemos mucho trabajo que hacer, m\u00e1xime que el a\u00f1o pasado los torneos se vieron afectados y tuvieron que ser cancelados por el tema de la pandemia; estamos muy ciertos que s\u00ed bien estamos pasando en este momento por una situaci\u00f3n muy dif\u00edcil.<\/p>\n<p>Confiamos en que a partir de marzo y con la vacunaci\u00f3n en puerta; en donde esperamos que sea pronta y expedita, ya para el mes de mayo esperamos tener buen clima en todos aspectos, en el aspecto meteorol\u00f3gico, en el aspecto de la pesca y en el m\u00e1s importante de todos, el aspecto de la salud.<\/p>\n<p>Agreg\u00f3.<\/p>\n<p>A iniciativa del Club de Yates Veracruz desde hace varios a\u00f1os, hemos venido impulsando lo que hace dos a\u00f1os fue la Triple Corona para los torneos de marl\u00edn en donde participamos: Club de Yates Tampico, Masters del Golfo y Club de Yates Veracruz.<\/p>\n<p>Este a\u00f1o se une el Club Tampico Mucho Bueno, entonces tendremos cuatro torneos para marcar puntos, para que al final del \u00faltimo torneo del a\u00f1o, quien haya tenido la mayor cantidad de puntos acumulados en estos cuatro torneos se corone como Campe\u00f3n de Campeones de los torneos del Golfo de M\u00e9xico para la categor\u00eda de Marl\u00edn\u201d, expres\u00f3 Chedraui Bolado.<\/p>\n<p>El Calendario Anual de Torneos del Golfo 2021 Veracruz-Tampico se desarrollar\u00e1 de la siguiente manera:<\/p>\n<p>Club organizador Competencia Fecha de realizaci\u00f3n<\/p>\n<p>Masters del Golfo Torneo Infantil\/Junior 30 de abril 2021<\/p>\n<p>Club de Yates Veracruz<\/p>\n<p>Torneo Internacional del S\u00e1balo 20 al 22 de mayo 2021<\/p>\n<p>Tampico Mucho Bueno Torneo del Marl\u00edn 3 al 6 de junio 2021<\/p>\n<p>Masters del Golfo Torneo del S\u00e1balo 10 al 12 de junio 2021<\/p>\n<p>Club de Yates Tampico Torneo de Marl\u00edn 2 al 5 de julio de 2021<\/p>\n<p>Club de Yates Veracruz Torneo Internacional de Marl\u00edn 26 al 28 de agosto de 2021<\/p>\n<p>Masters del Golfo Torneo de Marl\u00edn 9 al 11 de septiembre de 2021<\/p>\n<p>El Club de Yates de Veracruz agradece p\u00fablicamente la comprensi\u00f3n y respaldo de los participantes nacionales como internacionales, de igual manera distingue el apoyo de los patrocinadores del certamen m\u00e1s esperado en el Golfo de M\u00e9xico.<\/p>\n<p>Para mayores informes, se invita a la comunidad deportiva pesquera a estar en contacto a trav\u00e9s de la web site y fan page de Facebook: www.clubdeyatesveracruz.com \/ www.facebook.com\/clubdeyatesveracruz<\/p>\n","protected":false},"excerpt":{"rendered":"<p>&nbsp; *Comit\u00e9 Organizador informa que en agosto realizar\u00e1n el Torneo Internacional de Marl\u00edn 2021 *Club de Yates Veracruz publica el<\/p>\n","protected":false},"author":2,"featured_media":27575,"comment_status":"open","ping_status":"open","sticky":false,"template":"","format":"standard","meta":{"colormag_page_container_layout":"default_layout","colormag_page_sidebar_layout":"default_layout","footnotes":""},"categories":[2],"tags":[],"class_list":["post-27573","post","type-post","status-publish","format-standard","has-post-thumbnail","hentry","category-infogral"],"_links":{"self":[{"href":"http:\/\/vocesver.com\/noticias\/wp-json\/wp\/v2\/posts\/27573","targetHints":{"allow":["GET"]}}],"collection":[{"href":"http:\/\/vocesver.com\/noticias\/wp-json\/wp\/v2\/posts"}],"about":[{"href":"http:\/\/vocesver.com\/noticias\/wp-json\/wp\/v2\/types\/post"}],"author":[{"embeddable":true,"href":"http:\/\/vocesver.com\/noticias\/wp-json\/wp\/v2\/users\/2"}],"replies":[{"embeddable":true,"href":"http:\/\/vocesver.com\/noticias\/wp-json\/wp\/v2\/comments?post=27573"}],"version-history":[{"count":1,"href":"http:\/\/vocesver.com\/noticias\/wp-json\/wp\/v2\/posts\/27573\/revisions"}],"predecessor-version":[{"id":27574,"href":"http:\/\/vocesver.com\/noticias\/wp-json\/wp\/v2\/posts\/27573\/revisions\/27574"}],"wp:featuredmedia":[{"embeddable":true,"href":"http:\/\/vocesver.com\/noticias\/wp-json\/wp\/v2\/media\/27575"}],"wp:attachment":[{"href":"http:\/\/vocesver.com\/noticias\/wp-json\/wp\/v2\/media?parent=27573"}],"wp:term":[{"taxonomy":"category","embeddable":true,"href":"http:\/\/vocesver.com\/noticias\/wp-json\/wp\/v2\/categories?post=27573"},{"taxonomy":"post_tag","embeddable":true,"href":"http:\/\/vocesver.com\/noticias\/wp-json\/wp\/v2\/tags?post=27573"}],"curies":[{"name":"wp","href":"https:\/\/api.w.org\/{rel}","templated":true}]}}