{"id":27569,"date":"2021-01-14T16:42:02","date_gmt":"2021-01-14T16:42:02","guid":{"rendered":"http:\/\/vocesver.com\/noticias\/?p=27569"},"modified":"2021-01-14T17:09:36","modified_gmt":"2021-01-14T17:09:36","slug":"fallecimiento-del-padre-victor-una-perdida-muy-grande-para-la-sociedadobispo","status":"publish","type":"post","link":"http:\/\/vocesver.com\/noticias\/fallecimiento-del-padre-victor-una-perdida-muy-grande-para-la-sociedadobispo\/","title":{"rendered":"FALLECIMIENTO DEL PADRE V\u00cdCTOR UNA P\u00c9RDIDA MUY GRANDE PARA LA SOCIEDAD:OBISPO"},"content":{"rendered":"<p>&nbsp;<\/p>\n<p>REDACCI\u00d3N\/VOCESVER.COM\/NOTICIAS<\/p>\n<p>Veracru,Ver&#8230;.A 14 de Enero 2021 &#8230;.El obispo de la Di\u00f3cesis de Veracru\u00a0 Carlos Brise\u00f1o confirm\u00f3 esta ma\u00f1ana el fallecimiento del padre V\u00edctor Manuel D\u00eda Mendoa tras varios d\u00edas de permanecer internado a consecuencia del Covid 19.<\/p>\n<p>En entrevista con la prensa el representante de la iglesia cat\u00f3lica reconoci\u00f3 que sin duda se trata de una p\u00e9rdida muy grande.<\/p>\n<p>Record\u00f3 que si alguien valoraba al vocero de esta Di\u00f3cesis, eran los medios de comunicaci\u00f3n, pues desde hace muchos a\u00f1os fue el encargado de informar las posturas, comunicados y situaciones de la iglesia cat\u00f3lica de la regi\u00f3n.<\/p>\n<p>Cabe destacar que el ahora finado se llevaba muy bien\u00a0 con periodistas\u00a0 y fot\u00f3grafos de la localidad, por lo\u00a0 que sin duda se le va a extra\u00f1ar.<\/p>\n<p>&nbsp;<\/p>\n<p>QEPD&#8230;&#8230;&#8230;.<\/p>\n<p>&nbsp;<\/p>\n","protected":false},"excerpt":{"rendered":"<p>&nbsp; REDACCI\u00d3N\/VOCESVER.COM\/NOTICIAS Veracru,Ver&#8230;.A 14 de Enero 2021 &#8230;.El obispo de la Di\u00f3cesis de Veracru\u00a0 Carlos Brise\u00f1o confirm\u00f3 esta ma\u00f1ana el<\/p>\n","protected":false},"author":2,"featured_media":27570,"comment_status":"open","ping_status":"open","sticky":false,"template":"","format":"standard","meta":{"colormag_page_container_layout":"default_layout","colormag_page_sidebar_layout":"default_layout","footnotes":""},"categories":[2],"tags":[],"class_list":["post-27569","post","type-post","status-publish","format-standard","has-post-thumbnail","hentry","category-infogral"],"_links":{"self":[{"href":"http:\/\/vocesver.com\/noticias\/wp-json\/wp\/v2\/posts\/27569","targetHints":{"allow":["GET"]}}],"collection":[{"href":"http:\/\/vocesver.com\/noticias\/wp-json\/wp\/v2\/posts"}],"about":[{"href":"http:\/\/vocesver.com\/noticias\/wp-json\/wp\/v2\/types\/post"}],"author":[{"embeddable":true,"href":"http:\/\/vocesver.com\/noticias\/wp-json\/wp\/v2\/users\/2"}],"replies":[{"embeddable":true,"href":"http:\/\/vocesver.com\/noticias\/wp-json\/wp\/v2\/comments?post=27569"}],"version-history":[{"count":3,"href":"http:\/\/vocesver.com\/noticias\/wp-json\/wp\/v2\/posts\/27569\/revisions"}],"predecessor-version":[{"id":27580,"href":"http:\/\/vocesver.com\/noticias\/wp-json\/wp\/v2\/posts\/27569\/revisions\/27580"}],"wp:featuredmedia":[{"embeddable":true,"href":"http:\/\/vocesver.com\/noticias\/wp-json\/wp\/v2\/media\/27570"}],"wp:attachment":[{"href":"http:\/\/vocesver.com\/noticias\/wp-json\/wp\/v2\/media?parent=27569"}],"wp:term":[{"taxonomy":"category","embeddable":true,"href":"http:\/\/vocesver.com\/noticias\/wp-json\/wp\/v2\/categories?post=27569"},{"taxonomy":"post_tag","embeddable":true,"href":"http:\/\/vocesver.com\/noticias\/wp-json\/wp\/v2\/tags?post=27569"}],"curies":[{"name":"wp","href":"https:\/\/api.w.org\/{rel}","templated":true}]}}