{"id":27562,"date":"2021-01-13T17:27:15","date_gmt":"2021-01-13T17:27:15","guid":{"rendered":"http:\/\/vocesver.com\/noticias\/?p=27562"},"modified":"2021-01-13T17:28:16","modified_gmt":"2021-01-13T17:28:16","slug":"habra-segundo-juicio-politico-contra-trumpinician-debates-sobre-impeachment","status":"publish","type":"post","link":"http:\/\/vocesver.com\/noticias\/habra-segundo-juicio-politico-contra-trumpinician-debates-sobre-impeachment\/","title":{"rendered":"\u00bfHABR\u00c1 SEGUNDO JUICIO POL\u00cdTICO CONTRA TRUMP?INICIAN DEBATES SOBRE \u00abIMPEACHMENT\u00bb."},"content":{"rendered":"<p>La aprobaci\u00f3n de la acusaci\u00f3n marcar\u00eda la apertura formal del proceso de juicio pol\u00edtico contra Donald Trump, el segundo en su administraci\u00f3n. | Foto: AFP<\/p>\n<p>REDACCI\u00d3N\/VOCESVER.COM\/NOTICIAS<\/p>\n<p>INTERNACIONAL.- A 13 de Enero 2021.- De acuerdo con informaci\u00f3n de AGENCIAS\/ESTADOS UNIDOS\/AFP&#8230;.El\u00a0<strong>Congreso de Estados Unidos (EU) inici\u00f3 este mi\u00e9rcoles por la ma\u00f1ana los debates sobre la apertura de un nuevo juicio pol\u00edtico al presidente Donald Trump<\/strong>, se\u00f1alado de haber alentado el asalto al\u00a0<strong><a href=\"https:\/\/www.unotv.com\/internacional\/invasion-al-capitolio-5-fallas-de-seguridad-que-permitieron-los-disturbios\/\" target=\"_blank\" rel=\"noreferrer noopener\" aria-label=\"undefined (abre en una nueva pesta\u00f1a)\">Capitolio en Washington que dej\u00f3 cinco muertos.<\/a><\/strong><\/p>\n<p>Se espera que la\u00a0<strong>C\u00e1mara de Representantes en el Congreso de Estados Unidos vote la acusaci\u00f3n formal sobre las 15:00 horas.\u00a0<\/strong>Su resultado no est\u00e1 en duda, ya que los dem\u00f3cratas tienen mayor\u00eda en la C\u00e1mara baja.<\/p>\n<p>L<strong>a aprobaci\u00f3n de la acusaci\u00f3n marcar\u00eda la apertura formal del proceso de juicio pol\u00edtico contra Donald Trump, el 45\u00b0 presidente de Estados Unidos<\/strong>, que se convertir\u00e1 en el primero en la historia del pa\u00eds en ser procesado\u00a0<strong>dos veces en el Congreso.\u00a0<\/strong><\/p>\n<h2>Trump, a un paso de un segundo juicio pol\u00edtico tras el asalto al Congreso<\/h2>\n<p>Acusado por los dem\u00f3cratas de haber \u201cincitado a la insurrecci\u00f3n\u201d,\u00a0<strong><a href=\"https:\/\/www.unotv.com\/internacional\/capitolio-de-eu-asi-quedo-tras-toma-y-protestas-violentas\/\" target=\"_blank\" rel=\"noreferrer noopener\" aria-label=\"undefined (abre en una nueva pesta\u00f1a)\">Donald Trump, que niega cualquier responsabilidad en el asalto que varios de sus seguidores llevaron a cabo en el Congreso la semana pasada<\/a><\/strong>, afrontar\u00e1 probablemente este mi\u00e9rcoles la aprobaci\u00f3n de\u00a0<strong>un segundo juicio pol\u00edtico en su contra.\u00a0<\/strong><\/p>\n<p>Acusado por los dem\u00f3cratas de haber \u201cincitado a la insurrecci\u00f3n\u201d,\u00a0<strong><a href=\"https:\/\/www.unotv.com\/internacional\/capitolio-de-eu-asi-quedo-tras-toma-y-protestas-violentas\/\" target=\"_blank\" rel=\"noreferrer noopener\" aria-label=\"undefined (abre en una nueva pesta\u00f1a)\">Donald Trump, que niega cualquier responsabilidad en el asalto que varios de sus seguidores llevaron a cabo en el Congreso la semana pasada<\/a><\/strong>, afrontar\u00e1 probablemente este mi\u00e9rcoles la aprobaci\u00f3n de\u00a0<strong>un segundo juicio pol\u00edtico en su contra.\u00a0<\/strong><\/p>\n<p>Acusado por los dem\u00f3cratas de haber \u201cincitado a la insurrecci\u00f3n\u201d,\u00a0<strong><a href=\"https:\/\/www.unotv.com\/internacional\/capitolio-de-eu-asi-quedo-tras-toma-y-protestas-violentas\/\" target=\"_blank\" rel=\"noreferrer noopener\" aria-label=\"undefined (abre en una nueva pesta\u00f1a)\">Donald Trump, que niega cualquier responsabilidad en el asalto que varios de sus seguidores llevaron a cabo en el Congreso la semana pasada<\/a><\/strong>, afrontar\u00e1 probablemente este mi\u00e9rcoles la aprobaci\u00f3n de\u00a0<strong>un segundo juicio pol\u00edtico en su contra.\u00a0<\/strong><\/p>\n<p>Una semana despu\u00e9s de ese estallido, que dej\u00f3 cinco muertos en Washington,\u00a0<strong>est\u00e1 previsto que la C\u00e1mara de Representantes vote alrededor de las 3 de la tarde, hora local, sobre la acusaci\u00f3n contra el mandatario republicano. \u00a0<\/strong><\/p>\n<p>Con el respaldo de los dem\u00f3cratas y de algunos republicanos,\u00a0<strong>se espera que la acusaci\u00f3n contra Trump se apruebe f\u00e1cilmente en la C\u00e1mara Baja.<\/strong><\/p>\n<p>El presidente n\u00famero 45 podr\u00eda convertirse as\u00ed en\u00a0<strong><a href=\"https:\/\/www.unotv.com\/internacional\/que-es-el-impeachment-que-democratas-quieren-para-donald-trump\/\" target=\"_blank\" rel=\"noreferrer noopener\" aria-label=\"undefined (abre en una nueva pesta\u00f1a)\">el primero en la historia del pa\u00eds en ser sometido dos veces a un juicio pol\u00edtico o \u201cimpeachment\u201d.<\/a><\/strong><\/p>\n<h2>\u00bfPor qu\u00e9 enfrentar\u00eda Trump un segundo juicio pol\u00edtico?<\/h2>\n<figure class=\"wp-block-image size-large\"><img decoding=\"async\" class=\"i-amphtml-fill-content i-amphtml-replaced-content\" src=\"https:\/\/www.unotv.com\/uploads\/2021\/01\/congreso-juicio-trump-085350.jpg\" alt=\"\" \/><\/figure>\n<figure class=\"wp-block-image size-large\">Se espera que la acusaci\u00f3n contra Trump se apruebe f\u00e1cilmente en la C\u00e1mara Baja. | Foto: AFP<\/figure>\n<p>La<strong>\u00a0oposici\u00f3n acusa a Trump de animar a sus seguidores<\/strong>, durante un acto el 6 de enero,<strong>\u00a0a irrumpir en el Congreso para oponerse a la certificaci\u00f3n de la victoria electoral del dem\u00f3crata Joe Biden<\/strong>.<\/p>\n<p>Trump opt\u00f3 el martes por un tono combativo,\u00a0<a href=\"https:\/\/www.unotv.com\/internacional\/donald-trump-sobre-juicio-politico-ridiculo-y-despierta-mas-ira\/\" target=\"_blank\" rel=\"noreferrer noopener\" aria-label=\"undefined (abre en una nueva pesta\u00f1a)\">asegurando que no ser\u00e1 destituido antes del fin de su mandato, el 20 de enero.\u00a0<\/a><\/p>\n<p>Desde Alamo, en Texas, donde hab\u00eda viajado para celebrar la construcci\u00f3n del muro en la frontera de M\u00e9xico, intent\u00f3 mostrar una imagen menos agresiva que la semana pasada. \u201cAhora es el momento de que nuestra naci\u00f3n se recupere y es el momento de la paz y la calma\u201d, dijo.<\/p>\n<h2>Mike Pence descarta invocar la Enmienda 25<\/h2>\n<p>M\u00e1s tarde, su vicepresidente,\u00a0<strong>Mike Pence, descart\u00f3 definitivamente la otra amenaza que pesaba sobre el final del mandato de Trump,\u00a0<\/strong><a href=\"https:\/\/www.unotv.com\/internacional\/enmienda-25-pence-rechaza-invocarla-para-destituir-a-trump\/\" target=\"_blank\" rel=\"noreferrer noopener\" aria-label=\"undefined (abre en una nueva pesta\u00f1a)\">al negarse a invocar la 25\u00aa Enmienda de la Constituci\u00f3n<\/a>, que le habr\u00eda permitido destituir al mandatario saliente declar\u00e1ndolo no apto para ejercer su cargo.<\/p>\n<p>Pese a ese rechazo,\u00a0<strong>la C\u00e1mara de Representantes aprob\u00f3 una resoluci\u00f3n simb\u00f3lica para pedirle que invocara esa enmienda.\u00a0<\/strong><\/p>\n<p>Pero, aunque ese texto s\u00f3lo recibi\u00f3 el respaldo de un republicano, la votaci\u00f3n\u00a0<strong>sobre la apertura de un juicio pol\u00edtico contra Trump podr\u00eda contar con un mayor apoyo entre los miembros de su partido.\u00a0<\/strong><\/p>\n<p>Cinco de ellos ya mostraron su intenci\u00f3n de votar a favor del \u201cimpeachment\u201d, entre ellos Liz Cheney, una de las l\u00edderes de la minor\u00eda republicana de la C\u00e1mara de Representantes e hija del exvicepresidente Dick Cheney.<\/p>\n<p>\u201cNunca ha habido una traici\u00f3n m\u00e1s grande por parte de un presidente de Estados Unidos a su cargo y su juramento a la Constituci\u00f3n\u201d, dijo Cheney en un comunicado.<\/p>\n<p>\u201cEsta insurrecci\u00f3n caus\u00f3 heridos, muerte y destrucci\u00f3n en el espacio m\u00e1s sagrado de nuestra rep\u00fablica\u201d, dijo sobre la toma de la sede del Congreso.<\/p>\n<p>Aun as\u00ed,\u00a0<strong>es incierto el desenlace del juicio pol\u00edtico en el Senado<\/strong>, donde para condenar a\u00a0<strong>Donald Trump es necesaria una mayor\u00eda de dos tercios.<\/strong><\/p>\n<p>&nbsp;<\/p>\n<p>INF. DE AGENCIAS\/E.U\/AFP&#8230;&#8230;<\/p>\n","protected":false},"excerpt":{"rendered":"<p>La aprobaci\u00f3n de la acusaci\u00f3n marcar\u00eda la apertura formal del proceso de juicio pol\u00edtico contra Donald Trump, el segundo en<\/p>\n","protected":false},"author":2,"featured_media":27563,"comment_status":"open","ping_status":"open","sticky":false,"template":"","format":"standard","meta":{"colormag_page_container_layout":"default_layout","colormag_page_sidebar_layout":"default_layout","footnotes":""},"categories":[6],"tags":[],"class_list":["post-27562","post","type-post","status-publish","format-standard","has-post-thumbnail","hentry","category-internacional"],"_links":{"self":[{"href":"http:\/\/vocesver.com\/noticias\/wp-json\/wp\/v2\/posts\/27562","targetHints":{"allow":["GET"]}}],"collection":[{"href":"http:\/\/vocesver.com\/noticias\/wp-json\/wp\/v2\/posts"}],"about":[{"href":"http:\/\/vocesver.com\/noticias\/wp-json\/wp\/v2\/types\/post"}],"author":[{"embeddable":true,"href":"http:\/\/vocesver.com\/noticias\/wp-json\/wp\/v2\/users\/2"}],"replies":[{"embeddable":true,"href":"http:\/\/vocesver.com\/noticias\/wp-json\/wp\/v2\/comments?post=27562"}],"version-history":[{"count":2,"href":"http:\/\/vocesver.com\/noticias\/wp-json\/wp\/v2\/posts\/27562\/revisions"}],"predecessor-version":[{"id":27565,"href":"http:\/\/vocesver.com\/noticias\/wp-json\/wp\/v2\/posts\/27562\/revisions\/27565"}],"wp:featuredmedia":[{"embeddable":true,"href":"http:\/\/vocesver.com\/noticias\/wp-json\/wp\/v2\/media\/27563"}],"wp:attachment":[{"href":"http:\/\/vocesver.com\/noticias\/wp-json\/wp\/v2\/media?parent=27562"}],"wp:term":[{"taxonomy":"category","embeddable":true,"href":"http:\/\/vocesver.com\/noticias\/wp-json\/wp\/v2\/categories?post=27562"},{"taxonomy":"post_tag","embeddable":true,"href":"http:\/\/vocesver.com\/noticias\/wp-json\/wp\/v2\/tags?post=27562"}],"curies":[{"name":"wp","href":"https:\/\/api.w.org\/{rel}","templated":true}]}}