{"id":27546,"date":"2021-01-13T16:12:05","date_gmt":"2021-01-13T16:12:05","guid":{"rendered":"http:\/\/vocesver.com\/noticias\/?p=27546"},"modified":"2021-01-13T16:22:29","modified_gmt":"2021-01-13T16:22:29","slug":"intensifica-el-pjev-medidas-sanitarias-ante-la-pandemia-por-covid-19","status":"publish","type":"post","link":"http:\/\/vocesver.com\/noticias\/intensifica-el-pjev-medidas-sanitarias-ante-la-pandemia-por-covid-19\/","title":{"rendered":"INTENSIFICA EL PJEV MEDIDAS SANITARIAS ANTE LA PANDEMIA POR COVID-19."},"content":{"rendered":"<p>REDACCI\u00d3N\/VOCESVER.COM\/NOTICIAS<\/p>\n<p>Xalapa, Ver.- 13 de enero de 2021.- La Magistrada Presidenta del Tribunal Superior de Justicia y del Consejo de la Judicatura del Poder Judicial del Estado de Veracruz, Isabel In\u00e9s Romero Cruz constat\u00f3 la distribuci\u00f3n de art\u00edculos de desinfecci\u00f3n e higiene en beneficio del personal de los \u00f3rganos jurisdiccionales y administrativos, as\u00ed como de la ciudadan\u00eda.<\/p>\n<p>Se trata de una acci\u00f3n que reforzar\u00e1 las medidas sanitarias en juzgados, \u00e1reas administrativas y salas en todo el Estado de Veracruz, con el fin de evitar el contagio del virus Covid-19. Acci\u00f3n acorde a las pol\u00edticas emprendidas por autoridades de Salud a nivel estatal y federal.<\/p>\n<p>Los productos que se distribuyen a todas las Ciudades Judiciales en la entidad veracruzana son gel antibacterial, m\u00f3dulos digitales que incluyen dispensadores de gel y term\u00f3metros para la toma de temperatura, mica protectora de acr\u00edlico, cubrebocas, mascarillas, tapetes, l\u00edquido desinfectante, entre otros.<\/p>\n<p>Al realizar la entrega, la maestra Joana Marlen Bautista Flores, Directora General de Administraci\u00f3n del Poder Judicial del Estado de Veracruz destac\u00f3 que con esta tarea se cumple la instrucci\u00f3n de la Magistrada Presidenta, Isabel In\u00e9s Romero Cruz de brindar un servicio p\u00fablico seguro y de calidad a las y los veracruzanos.<\/p>\n<p>La servidora p\u00fablica, finalmente, realiz\u00f3 un exhorto a continuar con las medidas sanitarias correspondientes, tanto para el personal, como para los visitantes que acuden a las instalaciones en todos los distritos judiciales, consistentes en la desinfecci\u00f3n de los espacios, atenci\u00f3n personalizada, el uso obligatorio de cubrebocas, gel antibacterial y la sana distancia.<\/p>\n","protected":false},"excerpt":{"rendered":"<p>REDACCI\u00d3N\/VOCESVER.COM\/NOTICIAS Xalapa, Ver.- 13 de enero de 2021.- La Magistrada Presidenta del Tribunal Superior de Justicia y del Consejo de<\/p>\n","protected":false},"author":2,"featured_media":27548,"comment_status":"open","ping_status":"open","sticky":false,"template":"","format":"standard","meta":{"colormag_page_container_layout":"default_layout","colormag_page_sidebar_layout":"default_layout","footnotes":""},"categories":[2],"tags":[],"class_list":["post-27546","post","type-post","status-publish","format-standard","has-post-thumbnail","hentry","category-infogral"],"_links":{"self":[{"href":"http:\/\/vocesver.com\/noticias\/wp-json\/wp\/v2\/posts\/27546","targetHints":{"allow":["GET"]}}],"collection":[{"href":"http:\/\/vocesver.com\/noticias\/wp-json\/wp\/v2\/posts"}],"about":[{"href":"http:\/\/vocesver.com\/noticias\/wp-json\/wp\/v2\/types\/post"}],"author":[{"embeddable":true,"href":"http:\/\/vocesver.com\/noticias\/wp-json\/wp\/v2\/users\/2"}],"replies":[{"embeddable":true,"href":"http:\/\/vocesver.com\/noticias\/wp-json\/wp\/v2\/comments?post=27546"}],"version-history":[{"count":1,"href":"http:\/\/vocesver.com\/noticias\/wp-json\/wp\/v2\/posts\/27546\/revisions"}],"predecessor-version":[{"id":27547,"href":"http:\/\/vocesver.com\/noticias\/wp-json\/wp\/v2\/posts\/27546\/revisions\/27547"}],"wp:featuredmedia":[{"embeddable":true,"href":"http:\/\/vocesver.com\/noticias\/wp-json\/wp\/v2\/media\/27548"}],"wp:attachment":[{"href":"http:\/\/vocesver.com\/noticias\/wp-json\/wp\/v2\/media?parent=27546"}],"wp:term":[{"taxonomy":"category","embeddable":true,"href":"http:\/\/vocesver.com\/noticias\/wp-json\/wp\/v2\/categories?post=27546"},{"taxonomy":"post_tag","embeddable":true,"href":"http:\/\/vocesver.com\/noticias\/wp-json\/wp\/v2\/tags?post=27546"}],"curies":[{"name":"wp","href":"https:\/\/api.w.org\/{rel}","templated":true}]}}