{"id":27537,"date":"2021-01-12T20:35:02","date_gmt":"2021-01-12T20:35:02","guid":{"rendered":"http:\/\/vocesver.com\/noticias\/?p=27537"},"modified":"2021-01-12T20:48:12","modified_gmt":"2021-01-12T20:48:12","slug":"cnap-quiere-a-gustavo-sousa-de-presidente-de-la-comision-estatal-de-derechos-humanosfarias-morales","status":"publish","type":"post","link":"http:\/\/vocesver.com\/noticias\/cnap-quiere-a-gustavo-sousa-de-presidente-de-la-comision-estatal-de-derechos-humanosfarias-morales\/","title":{"rendered":"CNAP QUIERE A GUSTAVO SOUSA DE PRESIDENTE DE LA COMISI\u00d3N ESTATAL DE DERECHOS HUMANOS:FAR\u00cdAS MORALES."},"content":{"rendered":"<p><a href=\"http:\/\/vocesver.com\/noticias\/wp-content\/uploads\/2021\/01\/docu.jpg\"><img loading=\"lazy\" decoding=\"async\" class=\"alignnone size-medium wp-image-27541\" src=\"http:\/\/vocesver.com\/noticias\/wp-content\/uploads\/2021\/01\/docu-227x300.jpg\" alt=\"\" width=\"227\" height=\"300\" srcset=\"http:\/\/vocesver.com\/noticias\/wp-content\/uploads\/2021\/01\/docu-227x300.jpg 227w, http:\/\/vocesver.com\/noticias\/wp-content\/uploads\/2021\/01\/docu-768x1016.jpg 768w, http:\/\/vocesver.com\/noticias\/wp-content\/uploads\/2021\/01\/docu-774x1024.jpg 774w, http:\/\/vocesver.com\/noticias\/wp-content\/uploads\/2021\/01\/docu.jpg 968w\" sizes=\"auto, (max-width: 227px) 100vw, 227px\" \/><\/a><a href=\"http:\/\/vocesver.com\/noticias\/wp-content\/uploads\/2021\/01\/farias.jpg\"><img loading=\"lazy\" decoding=\"async\" class=\"alignnone size-medium wp-image-27539\" src=\"http:\/\/vocesver.com\/noticias\/wp-content\/uploads\/2021\/01\/farias-138x300.jpg\" alt=\"\" width=\"138\" height=\"300\" srcset=\"http:\/\/vocesver.com\/noticias\/wp-content\/uploads\/2021\/01\/farias-138x300.jpg 138w, http:\/\/vocesver.com\/noticias\/wp-content\/uploads\/2021\/01\/farias-473x1024.jpg 473w, http:\/\/vocesver.com\/noticias\/wp-content\/uploads\/2021\/01\/farias.jpg 540w\" sizes=\"auto, (max-width: 138px) 100vw, 138px\" \/><\/a><\/p>\n<p>\u00b0Ya present\u00f3 la petici\u00f3n al Congreso del Estado con fecha 11 de Enero 2021.<\/p>\n<p>\u00b0Se debe tomar en cuenta su destacada e intachable trayectoria profesional y por\u00a0 su honorabilidad como jurista.<\/p>\n<p>AUSENCIO RIVERA\/VOCESVER.COM\/NOTICIAS<\/p>\n<p>Ver.Ver,. a 12 de Enero 2020.-El Colegio Nacional de Abogados Penalistas A.C.(CNAP) que preside el Mtro.DHC.Gilberto Far\u00edas Morales propuso al Congreso del Estado que el reconocido notario p\u00fablico Gustavo Sousa Escamilla sea designado como nuevo titular de la Presidencia de la Comisi\u00f3n Estatal de Derechos Humanos.<\/p>\n<p>De acuerdo con la petici\u00f3n que se envi\u00f3 con fecha 11 de enero de 2021 al H.Congreso de la LXV Legislatura de la Entidad el presidente de CNAP explic\u00f3 proponemos a esta persona porque a nuestro juicio debe ser designado atendiendo a su destacada e intachable trayectoria profesional,por su honorabilidad como jurista, por aceptaci\u00f3n social y humanitaria.<\/p>\n<p>En cumplimiento a\u00a0 la base tercera de dicha convocatoria nos permitimos acompa\u00f1ar a nuestra propuesta copia del acta constitutiva de nuestro organismo subrray\u00f3.<\/p>\n<p>Farias Morales dijo que Sousa Escamilla re\u00fane todos los requisitos que establece la convocatorias y por lo mismo insisti\u00f3 el Congreso\u00a0 del Estado debe tomar muy en cuenta su perfil y trayectoria profesional&#8230;<\/p>\n<p>&nbsp;<\/p>\n<p>&nbsp;<\/p>\n<p>&nbsp;<\/p>\n<p>&nbsp;<\/p>\n<p>&nbsp;<\/p>\n<p>&nbsp;<\/p>\n<p>&nbsp;<\/p>\n","protected":false},"excerpt":{"rendered":"<p>\u00b0Ya present\u00f3 la petici\u00f3n al Congreso del Estado con fecha 11 de Enero 2021. \u00b0Se debe tomar en cuenta su<\/p>\n","protected":false},"author":2,"featured_media":27539,"comment_status":"open","ping_status":"open","sticky":false,"template":"","format":"standard","meta":{"colormag_page_container_layout":"default_layout","colormag_page_sidebar_layout":"default_layout","footnotes":""},"categories":[2],"tags":[],"class_list":["post-27537","post","type-post","status-publish","format-standard","has-post-thumbnail","hentry","category-infogral"],"_links":{"self":[{"href":"http:\/\/vocesver.com\/noticias\/wp-json\/wp\/v2\/posts\/27537","targetHints":{"allow":["GET"]}}],"collection":[{"href":"http:\/\/vocesver.com\/noticias\/wp-json\/wp\/v2\/posts"}],"about":[{"href":"http:\/\/vocesver.com\/noticias\/wp-json\/wp\/v2\/types\/post"}],"author":[{"embeddable":true,"href":"http:\/\/vocesver.com\/noticias\/wp-json\/wp\/v2\/users\/2"}],"replies":[{"embeddable":true,"href":"http:\/\/vocesver.com\/noticias\/wp-json\/wp\/v2\/comments?post=27537"}],"version-history":[{"count":5,"href":"http:\/\/vocesver.com\/noticias\/wp-json\/wp\/v2\/posts\/27537\/revisions"}],"predecessor-version":[{"id":27544,"href":"http:\/\/vocesver.com\/noticias\/wp-json\/wp\/v2\/posts\/27537\/revisions\/27544"}],"wp:featuredmedia":[{"embeddable":true,"href":"http:\/\/vocesver.com\/noticias\/wp-json\/wp\/v2\/media\/27539"}],"wp:attachment":[{"href":"http:\/\/vocesver.com\/noticias\/wp-json\/wp\/v2\/media?parent=27537"}],"wp:term":[{"taxonomy":"category","embeddable":true,"href":"http:\/\/vocesver.com\/noticias\/wp-json\/wp\/v2\/categories?post=27537"},{"taxonomy":"post_tag","embeddable":true,"href":"http:\/\/vocesver.com\/noticias\/wp-json\/wp\/v2\/tags?post=27537"}],"curies":[{"name":"wp","href":"https:\/\/api.w.org\/{rel}","templated":true}]}}