{"id":27510,"date":"2021-01-11T16:35:48","date_gmt":"2021-01-11T16:35:48","guid":{"rendered":"http:\/\/vocesver.com\/noticias\/?p=27510"},"modified":"2021-01-11T16:36:53","modified_gmt":"2021-01-11T16:36:53","slug":"dudas-sobre-el-regreso-a-clasessep-explican-como-pueden-abrir-esucuelas-en-estados-con-semaforo-verde-y-amarillo","status":"publish","type":"post","link":"http:\/\/vocesver.com\/noticias\/dudas-sobre-el-regreso-a-clasessep-explican-como-pueden-abrir-esucuelas-en-estados-con-semaforo-verde-y-amarillo\/","title":{"rendered":"\u00bfDUDAS SOBRE EL REGRESO A CLASES?SEP EXPLICA C\u00d3MO PUEDEN ABRIR ESCUELAS EN ESTADOS CON SEM\u00c1FORO VERDE Y AMARILLO."},"content":{"rendered":"<p>El uso del Uso de cubrebocas ser\u00e1 obligatorio en todo momento. | Foto: Getty Images<\/p>\n<p>REDACCI\u00d3N\/VOCESVER.COM\/NOTICIAS<\/p>\n<p><strong>NACIONAL.-\u00a0 A 11 de Enero 2021.-\u00a0 De acuerdo con informaci\u00f3n de UNOTV\/MPEXICO&#8230;&#8230;Esteban Moctezuma, secretario de Educaci\u00f3n <\/strong><strong>P\u00fablica (SEP),<\/strong><a href=\"https:\/\/www.unotv.com\/nacional\/manana-regreso-a-clases-estos-estados-podrian-reabrir-escuelas\/\" target=\"_blank\" rel=\"noreferrer noopener\" aria-label=\"undefined (abre en una nueva pesta\u00f1a)\"><strong>\u00a0inform\u00f3 que este lunes regresar\u00e1n a clases casi 30 millones\u00a0<\/strong>de ni\u00f1as, ni\u00f1os, adolescentes y j\u00f3venes de preescolar, primaria, secundaria y nivel bachillerato<\/a>\u00a0<strong>luego del periodo vacacional de diciembre.<\/strong><\/p>\n<p><a href=\"https:\/\/www.unotv.com\/nacional\/la-mananera-de-amlo-11-de-enero-de-2021\/\" target=\"_blank\" rel=\"noreferrer noopener\" aria-label=\"undefined (abre en una nueva pesta\u00f1a)\">En conferencia de prensa delpresidente Andr\u00e9s Manuel L\u00f3pez Obrador de este 11 de enero,<\/a><strong>\u00a0el titular de la SEP inform\u00f3 que hoy lunes pueden iniciar clases de manera 100% a distancia o de manera mixta<\/strong>; es decir, de manera presencial y a distancia, dependiendo del sem\u00e1foro epidemiol\u00f3gico de cada entidad.<\/p>\n<p>Desde Palacio Nacional,\u00a0<strong>el titular de la SEP detall\u00f3 c\u00f3mo deber\u00e1n asistir los alumnos a las escuelas con sem\u00e1foro amarillo y verde<\/strong>, siempre y cuando la reapertura<strong>\u00a0sea autorizada por las autoridades escolares de cada estado.<\/strong><\/p>\n<h2>\u00bfQu\u00e9 estados est\u00e1n en color verde?<\/h2>\n<p>Hasta este lunes 11 de enero de 2021, las entidades que se encuentran en sem\u00e1foro verde son:<\/p>\n<ul>\n<li>Veracruz<\/li>\n<li>Tamaulipas<\/li>\n<li>Sinaloa<\/li>\n<\/ul>\n<h2>\u00bfC\u00f3mo ser\u00e1 el regreso a clases en estos estados?<\/h2>\n<p>El<strong>\u00a0titular de la SEP detall\u00f3 c\u00f3mo deber\u00e1n asistir los alumnos a las escuelas con sem\u00e1foro amarillo y verde.<\/strong><\/p>\n<p>Recalc\u00f3 que cuando el<strong>\u00a0sem\u00e1foro epidemiol\u00f3gico est\u00e9 en color verde los alumnos podr\u00e1n regresar a clases de manera presencial<\/strong>, pero tambi\u00e9n podr\u00e1n continuar con su aprendizaje\u00a0<strong>a trav\u00e9s de la programaci\u00f3n de Aprende en Casa<\/strong>\u00a0III.<\/p>\n<p>Por otra parte,\u00a0<strong>cuando un estado se encuentre en sem\u00e1foro amarillo<\/strong>,\u00a0<strong>los alumnos podr\u00e1n asistir a los Centros de Aprendizaje Comunitario<\/strong>\u00a0o continuar con sus actividades desde casa a<strong>\u00a0trav\u00e9s de los programas de Aprende en Casa<\/strong>\u00a0III.<\/p>\n<blockquote class=\"wp-block-quote is-style-large\"><p>\u201cEn algunas escuelas ya empieza a abrirse la posibilidad presencial y en otras seguir\u00e1 a distancia\u201d.<\/p>\n<p><cite>Esteban Moctezuma, titular de la SEP.<\/cite><\/p><\/blockquote>\n<p><strong>El titular de la SEP inform\u00f3 que existe una gu\u00eda para el regreso a clases<\/strong>, misma que conocen los estados, as\u00ed como el magisterio.<\/p>\n<p>Esteban Moctezuma inform\u00f3 que el Consejo de Salubridad General se\u00f1al\u00f3\u00a0<strong>los protocolos que deben seguir las escuelas para el regreso a clases cuando el sem\u00e1foro epidemiol\u00f3gico est\u00e9 en color verde y amarillo.<\/strong><\/p>\n<p><strong>Explic\u00f3 que las escuelas que reinician clases en la modalidad mixta (sem\u00e1foro verde)\u00a0<\/strong>deber\u00e1n establecer\u00a0<strong>3 filtros de corresponsabilidad en casa, escuela y el sal\u00f3n de clases.<\/strong><\/p>\n<p>Por otra parte, la escuela deber\u00e1 garantizar a los estudiantes el acceso a agua y jab\u00f3n, adem\u00e1s de considerar al COVID-19 como un riesgo de trabajo para el personal docente.<\/p>\n<h2>SEP informa sobre los protocolos de escuelas que reinician clases presenciales en sem\u00e1foro verde:<\/h2>\n<ul>\n<li>Establecimiento de los Comit\u00e9s Participativos de Salud Escolar<\/li>\n<li>Relaci\u00f3n Escuela-Centro de Salud Local<\/li>\n<li>Limpieza<\/li>\n<li>3 filtros de corresponsabilidad, casa, escuela, sal\u00f3n de clases<\/li>\n<li>Se\u00f1alizaciones<\/li>\n<li>Garantizar acceso a agua y jab\u00f3n<\/li>\n<li>Cuidado de maestras y maestros en grupos de riesgo<\/li>\n<li>Vacunaci\u00f3n en orden prioritaria<\/li>\n<li>Se considera riesgo de trabajo la enfermedad de COVID-19<\/li>\n<li>Uso general de cubrebocas artesanal o pa\u00f1uelo<\/li>\n<li>Sana distancia, entradas y salidas, regreso escalonado, lugares fijos asignados y asistencia alterna por apellido<\/li>\n<li>Educaci\u00f3n mixta<\/li>\n<li>Maximizar el uso de espacios abiertos<\/li>\n<li>Suspensi\u00f3n de cualquier tipo de ceremonias<\/li>\n<li>Detenci\u00f3n temprana. Con un enfermo se cierra la escuela.<\/li>\n<li>Apoyo socioecon\u00f3mico para docentes y estudiantes<\/li>\n<li>Maestras, maestros, alumnas y alumnos, regreso voluntario a clases presenciales<\/li>\n<\/ul>\n<h2>SEP informa sobre los protocolos de centros de aprendizaje comunitario en sem\u00e1foro amarillo:<\/h2>\n<ul>\n<li>La asistencia ser\u00e1 voluntaria<\/li>\n<li>Estudiantes en condiciones vulnerables ser\u00e1n atendidos prioritariamente<\/li>\n<li>Cada asistente deber\u00e1 presentar una carta responsiva libre<\/li>\n<li>Las sesiones de trabajo tendr\u00e1n una duraci\u00f3n m\u00e1xima de 40 minutos<\/li>\n<li>3 filtros escolares<\/li>\n<li>Sana distancia<\/li>\n<li>Uso de cubrebocas<\/li>\n<li>Asistencia escalonada<\/li>\n<li>L\u00edmite del 40% diario de la poblaci\u00f3n escolar<\/li>\n<li>Se sugiere m\u00e1ximo 9 persona por sal\u00f3n<\/li>\n<li>Priorizar uso de espacios abiertos<\/li>\n<li>Limpiar mobiliario y equipo despu\u00e9s de cada clase<\/li>\n<li>Evitar asistir en caso de alg\u00fan s\u00edntoma o sospecha de COVID-19<\/li>\n<li>Con un caso de enfermo de COVID-19 se cerrar\u00e1 el CCA por 15 d\u00edas<\/li>\n<\/ul>\n<p>El\u00a0<strong><a href=\"https:\/\/www.unotv.com\/nacional\/aprende-en-casa-iii-asi-sera-el-regreso-a-clases-el-11-de-enero\/\" target=\"_blank\" rel=\"noreferrer noopener\" aria-label=\"undefined (abre en una nueva pesta\u00f1a)\">titular de la SEP inform\u00f3 que este lunes iniciar\u00e1 el programa Aprende en Casa III,<\/a>\u00a0<\/strong>el cual contar\u00e1 con la publicaci\u00f3n anticipada de los contenidos para que los docentes puedan planear, adem\u00e1s, se orientar\u00e1 a las familias para dar seguimiento a la programaci\u00f3n.<\/p>\n<p>&nbsp;<\/p>\n<p>INF. DE UNOTV\/M\u00c9XICO&#8230;..<\/p>\n","protected":false},"excerpt":{"rendered":"<p>El uso del Uso de cubrebocas ser\u00e1 obligatorio en todo momento. | Foto: Getty Images REDACCI\u00d3N\/VOCESVER.COM\/NOTICIAS NACIONAL.-\u00a0 A 11 de<\/p>\n","protected":false},"author":2,"featured_media":27462,"comment_status":"open","ping_status":"open","sticky":false,"template":"","format":"standard","meta":{"colormag_page_container_layout":"default_layout","colormag_page_sidebar_layout":"default_layout","footnotes":""},"categories":[5],"tags":[],"class_list":["post-27510","post","type-post","status-publish","format-standard","has-post-thumbnail","hentry","category-nacional"],"_links":{"self":[{"href":"http:\/\/vocesver.com\/noticias\/wp-json\/wp\/v2\/posts\/27510","targetHints":{"allow":["GET"]}}],"collection":[{"href":"http:\/\/vocesver.com\/noticias\/wp-json\/wp\/v2\/posts"}],"about":[{"href":"http:\/\/vocesver.com\/noticias\/wp-json\/wp\/v2\/types\/post"}],"author":[{"embeddable":true,"href":"http:\/\/vocesver.com\/noticias\/wp-json\/wp\/v2\/users\/2"}],"replies":[{"embeddable":true,"href":"http:\/\/vocesver.com\/noticias\/wp-json\/wp\/v2\/comments?post=27510"}],"version-history":[{"count":2,"href":"http:\/\/vocesver.com\/noticias\/wp-json\/wp\/v2\/posts\/27510\/revisions"}],"predecessor-version":[{"id":27513,"href":"http:\/\/vocesver.com\/noticias\/wp-json\/wp\/v2\/posts\/27510\/revisions\/27513"}],"wp:featuredmedia":[{"embeddable":true,"href":"http:\/\/vocesver.com\/noticias\/wp-json\/wp\/v2\/media\/27462"}],"wp:attachment":[{"href":"http:\/\/vocesver.com\/noticias\/wp-json\/wp\/v2\/media?parent=27510"}],"wp:term":[{"taxonomy":"category","embeddable":true,"href":"http:\/\/vocesver.com\/noticias\/wp-json\/wp\/v2\/categories?post=27510"},{"taxonomy":"post_tag","embeddable":true,"href":"http:\/\/vocesver.com\/noticias\/wp-json\/wp\/v2\/tags?post=27510"}],"curies":[{"name":"wp","href":"https:\/\/api.w.org\/{rel}","templated":true}]}}