{"id":27502,"date":"2021-01-11T16:02:53","date_gmt":"2021-01-11T16:02:53","guid":{"rendered":"http:\/\/vocesver.com\/noticias\/?p=27502"},"modified":"2021-01-11T16:06:07","modified_gmt":"2021-01-11T16:06:07","slug":"soberbiaegoismo-y-posibles-acuerdos-ocultosa-causa-del-distanciamiento-con-pansergio-cadena","status":"publish","type":"post","link":"http:\/\/vocesver.com\/noticias\/soberbiaegoismo-y-posibles-acuerdos-ocultosa-causa-del-distanciamiento-con-pansergio-cadena\/","title":{"rendered":"SOBERBIA,EGOISMO Y POSIBLES ACUERDOS \u00abOCULTOS\u00bb, CAUSAS DEL DISTANCIAMIENTO CON PAN:SERGIO CADENA."},"content":{"rendered":"<p dir=\"ltr\">-Dirigentes del PRD y PRI exhortan a su hom\u00f3logo de Acci\u00f3n Nacional a continuar en la b\u00fasqueda de coincidencias<\/p>\n<p dir=\"ltr\">-Objetivos comunes deben privilegiar el bienestar de las y los veracruzanos.<\/p>\n<p dir=\"ltr\">POR:ALJANDRO MURRIETA\/VOCESVER.COM\/NOTICIAS<\/p>\n<p dir=\"ltr\">Xalapa Ver., 10 de enero de 2021.- Para la construcci\u00f3n de un frente opositor se tiene que dejar a un lado la soberbia, el ego\u00edsmo y los acuerdos ocultos; y se debe enaltecer la palabra y el compromiso con los veracruzanos, destac\u00f3 el dirigente estatal del PRD, Sergio Cadena Mart\u00ednez.<br \/>\nEl dirigente partidista afirm\u00f3 que no se puede ofertar democracia a los veracruzanos, cuando no se tiene disposici\u00f3n para logra acuerdos, y s\u00f3lo se pretende imponer decisiones necias e inamovibles.<br \/>\nCadena Mart\u00ednez se\u00f1al\u00f3 que es decepcionante la postura del dirigente estatal del PAN, Joaqu\u00edn Guzm\u00e1n Avil\u00e9s, al intentar tergiversar las causas de un distanciamiento pol\u00edtico que \u00e9l mismo gener\u00f3, al no prevalecer la buena fe y la disposici\u00f3n.<br \/>\nSubray\u00f3 que no se lucha con autoritarismo y mucho menos permitiendo que otros adopten posturas ego\u00edstas e imposiciones permitidas y toleradas, que aunado a la falta de compromiso e imposici\u00f3n acaban con el m\u00ednimo de confianza.<br \/>\nPuntualiz\u00f3 que Veracruz vive una situaci\u00f3n cr\u00edtica, donde la incertidumbre, el miedo y la desesperanza se extienden por todo el territorio veracruzano. De esta situaci\u00f3n, dijo, es que el PRI, el PAN y el PRD han intentado construir una propuesta pol\u00edtica y social que rompa con la inercia de un gobierno inepto y corrupto, que solo se queja, miente y no da resultados<br \/>\nInvit\u00f3 al dirigente de Acci\u00f3n Nacional a continuar en la b\u00fasqueda de coincidencias, objetivos y resolver diferencias de opini\u00f3n siempre pensando en las y los veracruzanos, y no nada m\u00e1s en los intereses partidarios, personales y grupales.<br \/>\nComent\u00f3 que por el momento, el PRD y el PRI continuar\u00e1n en alianza y reforzar\u00e1n su compromiso hist\u00f3rico de enfrentar y contener las intenciones de un poder pol\u00edtico autoritario que pretende destruir las instituciones, que son contrapeso del gobierno y que recurre al encono que ha fracturado a la sociedad mexicana.<br \/>\nSe\u00f1al\u00f3 que dejan la puerta abierta a la dirigencia del Partido Acci\u00f3n Nacional para que recapacite por el bien de Veracruz y asuma su papel de oposici\u00f3n responsable y deje de obedecer a intereses oscuros, desde palacio de gobierno, que impiden el desarrollo de Veracruz.<br \/>\nSergio Cadena refrend\u00f3 su respeto a la militancia panista de todos los rincones del Estado, quienes han expresado su convicci\u00f3n y deseo de ser parte de un gran frente opositor que le d\u00e9 certidumbre y bienestar a las y los veracruzanos.<br \/>\nEl dirigente estatal del PRD, Sergio Cadena Mart\u00ednez afirm\u00f3 que en alianza caminar\u00e1n convocando a la sociedad civil, a los grupos pol\u00edticos y a los sectores productivos, a conformar un gran frente opositor con definiciones claras y objetivos comunes que se sumen al rescate de Veracruz.<\/p>\n<div id=\"x_mail-app-auto-default-signature\">\n<p dir=\"ltr\">&#8212;<\/p>\n<\/div>\n","protected":false},"excerpt":{"rendered":"<p>-Dirigentes del PRD y PRI exhortan a su hom\u00f3logo de Acci\u00f3n Nacional a continuar en la b\u00fasqueda de coincidencias -Objetivos<\/p>\n","protected":false},"author":2,"featured_media":27504,"comment_status":"open","ping_status":"open","sticky":false,"template":"","format":"standard","meta":{"colormag_page_container_layout":"default_layout","colormag_page_sidebar_layout":"default_layout","footnotes":""},"categories":[2],"tags":[],"class_list":["post-27502","post","type-post","status-publish","format-standard","has-post-thumbnail","hentry","category-infogral"],"_links":{"self":[{"href":"http:\/\/vocesver.com\/noticias\/wp-json\/wp\/v2\/posts\/27502","targetHints":{"allow":["GET"]}}],"collection":[{"href":"http:\/\/vocesver.com\/noticias\/wp-json\/wp\/v2\/posts"}],"about":[{"href":"http:\/\/vocesver.com\/noticias\/wp-json\/wp\/v2\/types\/post"}],"author":[{"embeddable":true,"href":"http:\/\/vocesver.com\/noticias\/wp-json\/wp\/v2\/users\/2"}],"replies":[{"embeddable":true,"href":"http:\/\/vocesver.com\/noticias\/wp-json\/wp\/v2\/comments?post=27502"}],"version-history":[{"count":3,"href":"http:\/\/vocesver.com\/noticias\/wp-json\/wp\/v2\/posts\/27502\/revisions"}],"predecessor-version":[{"id":27506,"href":"http:\/\/vocesver.com\/noticias\/wp-json\/wp\/v2\/posts\/27502\/revisions\/27506"}],"wp:featuredmedia":[{"embeddable":true,"href":"http:\/\/vocesver.com\/noticias\/wp-json\/wp\/v2\/media\/27504"}],"wp:attachment":[{"href":"http:\/\/vocesver.com\/noticias\/wp-json\/wp\/v2\/media?parent=27502"}],"wp:term":[{"taxonomy":"category","embeddable":true,"href":"http:\/\/vocesver.com\/noticias\/wp-json\/wp\/v2\/categories?post=27502"},{"taxonomy":"post_tag","embeddable":true,"href":"http:\/\/vocesver.com\/noticias\/wp-json\/wp\/v2\/tags?post=27502"}],"curies":[{"name":"wp","href":"https:\/\/api.w.org\/{rel}","templated":true}]}}