{"id":27496,"date":"2021-01-11T15:56:09","date_gmt":"2021-01-11T15:56:09","guid":{"rendered":"http:\/\/vocesver.com\/noticias\/?p=27496"},"modified":"2021-01-11T15:57:56","modified_gmt":"2021-01-11T15:57:56","slug":"prd-y-pri-en-veracru-a-punto-de-cerrar-convenio-de-coalicion-para-el-proceso-electoral-local","status":"publish","type":"post","link":"http:\/\/vocesver.com\/noticias\/prd-y-pri-en-veracru-a-punto-de-cerrar-convenio-de-coalicion-para-el-proceso-electoral-local\/","title":{"rendered":"PRD Y PRI EN VERACRU, A PUNTO DE CERRAR CONVENIO DE COALICI\u00d3N PARA EL PROCESO ELECTORAL LOCAL."},"content":{"rendered":"<p dir=\"ltr\">*-Esta ma\u00f1ana se re\u00fanen Sergio Cadena Mart\u00ednez y Marlon Ram\u00edrez Mar\u00edn, para afinar los \u00faltimos detalles.*<\/p>\n<p dir=\"ltr\">REDACCI\u00d3N\/VOCESVER.COM\/NOTICIAS<\/p>\n<p dir=\"ltr\">*Xalapa, Ver., 11 de enero de 2021.* En los pr\u00f3ximos d\u00edas, las dirigencias estatales del Partido de la Revoluci\u00f3n Democr\u00e1tica (PRD)en Veracruz, y del Partido Revolucionario Institucional (PRI) en la entidad, dar\u00e1n a conocer el convenio de coalici\u00f3n que conforman para el proceso electoral local.<\/p>\n<p dir=\"ltr\">La ma\u00f1ana de este s\u00e1bado, los presidentes de los comit\u00e9s estatales de ambos partidos, Sergio Cadena Mart\u00ednez, y Marlon Ram\u00edrez Mar\u00edn, se reunieron para desayunar en conocido restaurante de un hotel en la ciudad, y afinar los \u00faltimos detalles de la coalici\u00f3n.<\/p>\n<p dir=\"ltr\">Cabe destacar la disposici\u00f3n y apertura de ambas dirigencias para el di\u00e1logo, y ponderar la fuerza de los diversos perfiles en cada uno de los municipios y distritos electorales, siempre privilegiando el beneficio para la ciudadan\u00eda en el estado de Veracruz.<\/p>\n","protected":false},"excerpt":{"rendered":"<p>*-Esta ma\u00f1ana se re\u00fanen Sergio Cadena Mart\u00ednez y Marlon Ram\u00edrez Mar\u00edn, para afinar los \u00faltimos detalles.* REDACCI\u00d3N\/VOCESVER.COM\/NOTICIAS *Xalapa, Ver., 11<\/p>\n","protected":false},"author":2,"featured_media":27499,"comment_status":"open","ping_status":"open","sticky":false,"template":"","format":"standard","meta":{"colormag_page_container_layout":"default_layout","colormag_page_sidebar_layout":"default_layout","footnotes":""},"categories":[4],"tags":[],"class_list":["post-27496","post","type-post","status-publish","format-standard","has-post-thumbnail","hentry","category-estatal"],"_links":{"self":[{"href":"http:\/\/vocesver.com\/noticias\/wp-json\/wp\/v2\/posts\/27496","targetHints":{"allow":["GET"]}}],"collection":[{"href":"http:\/\/vocesver.com\/noticias\/wp-json\/wp\/v2\/posts"}],"about":[{"href":"http:\/\/vocesver.com\/noticias\/wp-json\/wp\/v2\/types\/post"}],"author":[{"embeddable":true,"href":"http:\/\/vocesver.com\/noticias\/wp-json\/wp\/v2\/users\/2"}],"replies":[{"embeddable":true,"href":"http:\/\/vocesver.com\/noticias\/wp-json\/wp\/v2\/comments?post=27496"}],"version-history":[{"count":2,"href":"http:\/\/vocesver.com\/noticias\/wp-json\/wp\/v2\/posts\/27496\/revisions"}],"predecessor-version":[{"id":27498,"href":"http:\/\/vocesver.com\/noticias\/wp-json\/wp\/v2\/posts\/27496\/revisions\/27498"}],"wp:featuredmedia":[{"embeddable":true,"href":"http:\/\/vocesver.com\/noticias\/wp-json\/wp\/v2\/media\/27499"}],"wp:attachment":[{"href":"http:\/\/vocesver.com\/noticias\/wp-json\/wp\/v2\/media?parent=27496"}],"wp:term":[{"taxonomy":"category","embeddable":true,"href":"http:\/\/vocesver.com\/noticias\/wp-json\/wp\/v2\/categories?post=27496"},{"taxonomy":"post_tag","embeddable":true,"href":"http:\/\/vocesver.com\/noticias\/wp-json\/wp\/v2\/tags?post=27496"}],"curies":[{"name":"wp","href":"https:\/\/api.w.org\/{rel}","templated":true}]}}