{"id":27490,"date":"2021-01-09T17:17:38","date_gmt":"2021-01-09T17:17:38","guid":{"rendered":"http:\/\/vocesver.com\/noticias\/?p=27490"},"modified":"2021-01-09T17:19:01","modified_gmt":"2021-01-09T17:19:01","slug":"cofepris-aprueba-fase-3-de-vacuna-curevac-en-mexicomarcelo-ebrrard","status":"publish","type":"post","link":"http:\/\/vocesver.com\/noticias\/cofepris-aprueba-fase-3-de-vacuna-curevac-en-mexicomarcelo-ebrrard\/","title":{"rendered":"COFEPRIS APRUEBA FASE 3 DE VACUNA CUREVAC EN M\u00c9XICO:MARCELO EBRRARD."},"content":{"rendered":"<p><strong>CureVac<\/strong>\u00a0es una farmac\u00e9utica alemana: la\u00a0<strong>Cofepris<\/strong>\u00a0ya aval\u00f3 las pruebas fase 3 para este ant\u00eddoto en M\u00e9xico. Foto: Getty Images.<\/p>\n<p>REDACCI\u00d3N\/VOCESVER.COM\/NOTICIAS<\/p>\n<p>NACIONAL.- A 8 de Enero 2021.-De acuerdo con informaci\u00f3n de M\u00c9XICO Y ALEMANIA\/ UNOTV\/REUTERS\/AFP&#8230;&#8230;Marcelo Ebrard, secretario de Relaciones Exteriores (SRE), inform\u00f3 en Twitter que la\u00a0<a href=\"https:\/\/www.unotv.com\/nacional\/cofepris-alerta-por-venta-de-estos-medicamentos-falsos\/\" target=\"_blank\" rel=\"noreferrer noopener\" aria-label=\"undefined (abre en una nueva pesta\u00f1a)\">Comisi\u00f3n Federal para la Protecci\u00f3n contra Riesgos Sanitarios<\/a>\u00a0(<strong>Cofepris<\/strong>) ya aval\u00f3 las pruebas fase 3, \u00faltima etapa, para el ant\u00eddoto de la empresa biofarmac\u00e9utica alemana\u00a0<strong>CureVac<\/strong>\u00a0que aspira a convertirse en vacuna contra el\u00a0<a href=\"https:\/\/www.unotv.com\/coronavirus\/\" target=\"_blank\" rel=\"noreferrer noopener\" aria-label=\"undefined (abre en una nueva pesta\u00f1a)\"><strong>coronavirus<\/strong>\u00a0(<strong>COVID-19<\/strong>)<\/a>.<\/p>\n<p><strong>CureVac<\/strong>\u00a0solicit\u00f3 el inicio de la fase 3 ante\u00a0<strong>Cofepris<\/strong>\u00a0el 11 de diciembre\u00a0<a href=\"https:\/\/www.unotv.com\/nacional\/vacuna-covid-19-llegara-a-todos-los-estados-la-proxima-semana-amlo\/\" target=\"_blank\" rel=\"noreferrer noopener\" aria-label=\"undefined (abre en una nueva pesta\u00f1a)\">y ofreci\u00f3 entregas de vacunas a partir de abril del 2021<\/a>. Poco antes de Navidad, M\u00e9xico arranc\u00f3 su plan de vacunaci\u00f3n contra el COVID-19 con la inyecci\u00f3n de la estadounidense Pfizer y la alemana BioNTech,\u00a0<a href=\"https:\/\/www.unotv.com\/nacional\/vacuna-covid-19-astrazeneca-en-marzo-inicia-aplicacion-segun-sre\/\" target=\"_blank\" rel=\"noreferrer noopener\" aria-label=\"undefined (abre en una nueva pesta\u00f1a)\">y est\u00e1 apresurando acuerdos con otras farmac\u00e9uticas<\/a>\u00a0para aumentar la cantidad de dosis disponibles para su poblaci\u00f3n.<\/p>\n<ul>\n<li>Hasta ahora, M\u00e9xico registra casi 1.5 millones de contagios y m\u00e1s de 131 mil decesos.<\/li>\n<li><strong>CureVac<\/strong>\u00a0ser\u00eda otra de las vacunas en M\u00e9xico, s\u00f3lo si la\u00a0<strong>Cofepris<\/strong>\u00a0avala su uso de emergencia.<\/li>\n<\/ul>\n<h2><strong>Cofepris<\/strong>\u00a0espera a\u00a0<strong>CureVac<\/strong>\u00a0desde Alemania<\/h2>\n<p>El Gobierno de Alemania\u00a0<a href=\"https:\/\/www.unotv.com\/internacional\/alemania-preve-extender-el-confinamiento-por-covid-19\/\" target=\"_blank\" rel=\"noreferrer noopener\" aria-label=\"undefined (abre en una nueva pesta\u00f1a)\">firm\u00f3 dos acuerdos preliminares con las empresas<\/a>\u00a0BioNTech y\u00a0<strong>CureVac<\/strong>\u00a0para asegurar 50 millones de dosis de sus vacunas COVID-19, seg\u00fan el Ministerio de Salud. Los acuerdos, que no se anunciaron cuando se firmaron,\u00a0<a href=\"https:\/\/www.unotv.com\/internacional\/covid-19-alemania-decreta-un-confinamiento-parcial\/\" target=\"_blank\" rel=\"noreferrer noopener\" aria-label=\"undefined (abre en una nueva pesta\u00f1a)\">son controvertidos porque los Gobiernos de la<\/a>\u00a0Uni\u00f3n Europea (UE) acordaron no negociar individualmente con fabricantes, en un esfuerzo por evitar competir por las inyecciones.<\/p>\n<ul>\n<li><strong>CureVac<\/strong>\u00a0ser\u00e1 una de las empresas que abastecer\u00e1 a Alemania de vacunas\u00a0<strong><a href=\"https:\/\/www.unotv.com\/coronavirus\/\" target=\"_blank\" rel=\"noreferrer noopener\" aria-label=\"undefined (abre en una nueva pesta\u00f1a)\">COVID-19<\/a><\/strong>.<\/li>\n<li>Sin embargo, la\u00a0<strong>Cofepris<\/strong>\u00a0deber\u00e1 esperar al final de los ensayos para dar un visto bueno.<\/li>\n<\/ul>\n<p>Las\u00a0<a href=\"https:\/\/www.unotv.com\/internacional\/covid-en-alemania-record-de-muertes-y-se-vuelve-a-confinar\/\" target=\"_blank\" rel=\"noreferrer noopener\" aria-label=\"undefined (abre en una nueva pesta\u00f1a)\">dos empresas germanas, BioNTech<\/a>\u00a0y\u00a0<strong>CureVac<\/strong>, han sido financiadas por Alemania y por la UE para desarrollar sus vacunas. Un portavoz de\u00a0<strong>CureVac<\/strong>\u00a0se neg\u00f3\u00a0<a href=\"https:\/\/www.unotv.com\/internacional\/alemania-familias-salen-a-disfrutar-de-la-nieve-pese-a-covid-19\/\" target=\"_blank\" rel=\"noreferrer noopener\" aria-label=\"undefined (abre en una nueva pesta\u00f1a)\">a referirse a la cuesti\u00f3n porque dijo que las conversaciones<\/a>\u00a0con el Gobierno alem\u00e1n est\u00e1n en curso. Las conversaciones de la UE concluyeron en noviembre, cuando alcanz\u00f3 pacto de suministro con Pfizer-BioNTech y\u00a0<strong>CureVac<\/strong>.<\/p>\n<h2><strong>Cofepris<\/strong>\u00a0tiene en la mira a\u00a0<strong>CureVac<\/strong><\/h2>\n<p>El gigante de qu\u00edmica y farmac\u00e9utica Bayer anunci\u00f3 el jueves su colaboraci\u00f3n con\u00a0<strong>CureVac<\/strong>\u00a0para apoyarle en el desarrollo de su vacuna\u00a0<strong><a href=\"https:\/\/www.unotv.com\/coronavirus\/\" target=\"_blank\" rel=\"noreferrer noopener\">COVID-19<\/a><\/strong>, actualmente en fase final de los ensayos cl\u00ednicos. Las dos empresas \u201c<a href=\"https:\/\/www.unotv.com\/nacional\/mexico-presenta-plan-de-vacunacion-contra-el-covid-19\/\" target=\"_blank\" rel=\"noreferrer noopener\" aria-label=\"undefined (abre en una nueva pesta\u00f1a)\">celebran un acuerdo de colaboraci\u00f3n y de servicios<\/a>\u00a0para apoyar a\u00a0<strong>CureVac<\/strong>\u00a0en muchos \u00e1mbitos\u201d, incluida producci\u00f3n y comercializaci\u00f3n de una vacuna de ARN mensajero \u201cpara facilitar el suministro\u201d.<\/p>\n<p>&nbsp;<\/p>\n<p>INF. DE M\u00c9XICO Y ALEMANIA\/UNOTV\/REUTERS\/AFP&#8230;..<\/p>\n","protected":false},"excerpt":{"rendered":"<p>CureVac\u00a0es una farmac\u00e9utica alemana: la\u00a0Cofepris\u00a0ya aval\u00f3 las pruebas fase 3 para este ant\u00eddoto en M\u00e9xico. Foto: Getty Images. REDACCI\u00d3N\/VOCESVER.COM\/NOTICIAS NACIONAL.-<\/p>\n","protected":false},"author":2,"featured_media":27492,"comment_status":"open","ping_status":"open","sticky":false,"template":"","format":"standard","meta":{"colormag_page_container_layout":"default_layout","colormag_page_sidebar_layout":"default_layout","footnotes":""},"categories":[5],"tags":[],"class_list":["post-27490","post","type-post","status-publish","format-standard","has-post-thumbnail","hentry","category-nacional"],"_links":{"self":[{"href":"http:\/\/vocesver.com\/noticias\/wp-json\/wp\/v2\/posts\/27490","targetHints":{"allow":["GET"]}}],"collection":[{"href":"http:\/\/vocesver.com\/noticias\/wp-json\/wp\/v2\/posts"}],"about":[{"href":"http:\/\/vocesver.com\/noticias\/wp-json\/wp\/v2\/types\/post"}],"author":[{"embeddable":true,"href":"http:\/\/vocesver.com\/noticias\/wp-json\/wp\/v2\/users\/2"}],"replies":[{"embeddable":true,"href":"http:\/\/vocesver.com\/noticias\/wp-json\/wp\/v2\/comments?post=27490"}],"version-history":[{"count":3,"href":"http:\/\/vocesver.com\/noticias\/wp-json\/wp\/v2\/posts\/27490\/revisions"}],"predecessor-version":[{"id":27494,"href":"http:\/\/vocesver.com\/noticias\/wp-json\/wp\/v2\/posts\/27490\/revisions\/27494"}],"wp:featuredmedia":[{"embeddable":true,"href":"http:\/\/vocesver.com\/noticias\/wp-json\/wp\/v2\/media\/27492"}],"wp:attachment":[{"href":"http:\/\/vocesver.com\/noticias\/wp-json\/wp\/v2\/media?parent=27490"}],"wp:term":[{"taxonomy":"category","embeddable":true,"href":"http:\/\/vocesver.com\/noticias\/wp-json\/wp\/v2\/categories?post=27490"},{"taxonomy":"post_tag","embeddable":true,"href":"http:\/\/vocesver.com\/noticias\/wp-json\/wp\/v2\/tags?post=27490"}],"curies":[{"name":"wp","href":"https:\/\/api.w.org\/{rel}","templated":true}]}}