{"id":27487,"date":"2021-01-09T17:08:17","date_gmt":"2021-01-09T17:08:17","guid":{"rendered":"http:\/\/vocesver.com\/noticias\/?p=27487"},"modified":"2021-01-09T17:09:24","modified_gmt":"2021-01-09T17:09:24","slug":"desaparece-avion-con-62-personas-tras-despegar-en-yakarta-indonecia","status":"publish","type":"post","link":"http:\/\/vocesver.com\/noticias\/desaparece-avion-con-62-personas-tras-despegar-en-yakarta-indonecia\/","title":{"rendered":"DESAPARECE AVI\u00d3N CON 62 PERSONAS TRAS DESPEGAR EN YAKARTA, INDONECIA."},"content":{"rendered":"<p>Se perdi\u00f3 contacto con el avi\u00f3n poco despu\u00e9s de su despegue en Yakarta, Indonesia. Foto: AFP\/Archivo<\/p>\n<p>REDACCI\u00d3N\/VOCESVER.COM\/NOTICIAS<\/p>\n<p>INTERNACIONAL.- a 9 de Enero 2020.- De acuerdo con informaci\u00f3n de AGENCIAS\/AFP&#8230;&#8230;En\u00a0<strong>Indonesia<\/strong>,\u00a0<a href=\"https:\/\/www.unotv.com\/internacional\/\" target=\"_blank\" rel=\"noreferrer noopener\" aria-label=\"undefined (abre en una nueva pesta\u00f1a)\">las autoridades del pa\u00eds temen\u00a0<\/a>que un<strong>\u00a0avi\u00f3n Boeing 737-500 de la aerol\u00ednea local Sriwijaya Air<\/strong>, que llevaba\u00a0<strong>62 personas a bordo<\/strong>\u00a0y con el que se perdi\u00f3 contacto poco despu\u00e9s de su despegue de\u00a0<strong>Yakarta<\/strong>\u00a0este s\u00e1bado, se haya estrellado en el mar.<\/p>\n<p>\u201c<strong>Hemos enviado a nuestros equipos, as\u00ed como barcos, a la zona donde se sospecha que el avi\u00f3n pudo caer tras perder contacto<\/strong>\u201d con la torre de control, afirm\u00f3\u00a0<strong>Bambang Suryo Aji<\/strong>, responsable de la Agencia nacional de b\u00fasqueda y rescate.<\/p>\n<blockquote class=\"wp-block-quote\"><p>\u201cSe perdi\u00f3 el contacto hacia las 14H40 locales (7H40 GMT) con un avi\u00f3n de Sriwijaya, que realizaba el trayecto entre Yakarta y Pontianak (en la isla de Borneo)\u201d<\/p>\n<p><cite>Inform\u00f3 previamente el portavoz del ministerio indonesio de Transportes, Adita Irawati<\/cite><\/p><\/blockquote>\n<h2>\u00bfQu\u00e9 se sabe del avi\u00f3n desaparecido en Indonesia?<\/h2>\n<p><strong>En el avi\u00f3n que despeg\u00f3 de Yakarta viajaban 50 pasajeros<\/strong>, entre ellos diez ni\u00f1os, y<strong>\u00a012 miembros de la tripulaci\u00f3n<\/strong>, seg\u00fan el ministerio de Transportes.\u00a0<a href=\"https:\/\/www.unotv.com\/internacional\/avion-de-air-india-se-estrella-iban-a-bordo-con-191-pasajeros\/\" target=\"_blank\" rel=\"noreferrer noopener\" aria-label=\"undefined (abre en una nueva pesta\u00f1a)\">Este tipo de aparato tiene capacidad para unas 130 personas<\/a>.<\/p>\n<ul>\n<li>Este vuelo nacional suele tardar unos 90 minutos.\u00a0<strong>El avi\u00f3n desapareci\u00f3 de los radares poco despu\u00e9s de despegar<\/strong>, cuando sobrevolaba el mar de Java.<\/li>\n<\/ul>\n<p>Seg\u00fan datos del sitio internet\u00a0<strong>FlightRadar24,<\/strong>\u00a0el aparato alcanz\u00f3 una altura de 11 mil pies, unos 3 mil 350 metros, antes de caer a 250 pies. Entonces se perdi\u00f3 el contacto con la torre de control.<\/p>\n<p>\u201c<strong>El vuelo Sriwijaya Air SJ182 perdi\u00f3 m\u00e1s de 10 mil pies (en torno a 3 mil metros) en menos de cuatro minutos tras su despegue de Yakarta<\/strong>\u201c, precis\u00f3 el sitio aeron\u00e1utico en su cuenta oficial Twitter.<\/p>\n<ul>\n<li>Pescadores interrogados por la cadena de televisi\u00f3n Kompas\u00a0<strong>aseguran haber hallado fragmentos frente a las costas de la capital<\/strong>.<\/li>\n<\/ul>\n<ul>\n<li>En octubre de 2018, 189 personas murieron cuando\u00a0<strong>un Boeing 737 MAX\u00a0<\/strong>se estrell\u00f3 en el mar de Java, 12 minutos despu\u00e9s del despegue.<\/li>\n<\/ul>\n<p>Mientras tanto,\u00a0<strong>familiares de los pasajeros a bordo del vuelo SJY182<\/strong>\u00a0<strong>de Sriwijaya Air<\/strong>\u00a0esperan noticias en el aeropuerto de Supadio en Pontianak.<\/p>\n<p><img decoding=\"async\" class=\"i-amphtml-fill-content i-amphtml-replaced-content\" src=\"https:\/\/www.unotv.com\/uploads\/2021\/01\/indonesia-desaparece-avion-con-62-personas-tras-despegar-de-yakarta-3-093615.jpg\" alt=\"\" \/><\/p>\n<p>Foto: AFP<\/p>\n<p>&nbsp;<\/p>\n<p>INF. DE AGENCIAS\/AFP&#8230;..<\/p>\n","protected":false},"excerpt":{"rendered":"<p>Se perdi\u00f3 contacto con el avi\u00f3n poco despu\u00e9s de su despegue en Yakarta, Indonesia. Foto: AFP\/Archivo REDACCI\u00d3N\/VOCESVER.COM\/NOTICIAS INTERNACIONAL.- a 9<\/p>\n","protected":false},"author":2,"featured_media":27488,"comment_status":"open","ping_status":"open","sticky":false,"template":"","format":"standard","meta":{"colormag_page_container_layout":"default_layout","colormag_page_sidebar_layout":"default_layout","footnotes":""},"categories":[6],"tags":[],"class_list":["post-27487","post","type-post","status-publish","format-standard","has-post-thumbnail","hentry","category-internacional"],"_links":{"self":[{"href":"http:\/\/vocesver.com\/noticias\/wp-json\/wp\/v2\/posts\/27487","targetHints":{"allow":["GET"]}}],"collection":[{"href":"http:\/\/vocesver.com\/noticias\/wp-json\/wp\/v2\/posts"}],"about":[{"href":"http:\/\/vocesver.com\/noticias\/wp-json\/wp\/v2\/types\/post"}],"author":[{"embeddable":true,"href":"http:\/\/vocesver.com\/noticias\/wp-json\/wp\/v2\/users\/2"}],"replies":[{"embeddable":true,"href":"http:\/\/vocesver.com\/noticias\/wp-json\/wp\/v2\/comments?post=27487"}],"version-history":[{"count":1,"href":"http:\/\/vocesver.com\/noticias\/wp-json\/wp\/v2\/posts\/27487\/revisions"}],"predecessor-version":[{"id":27489,"href":"http:\/\/vocesver.com\/noticias\/wp-json\/wp\/v2\/posts\/27487\/revisions\/27489"}],"wp:featuredmedia":[{"embeddable":true,"href":"http:\/\/vocesver.com\/noticias\/wp-json\/wp\/v2\/media\/27488"}],"wp:attachment":[{"href":"http:\/\/vocesver.com\/noticias\/wp-json\/wp\/v2\/media?parent=27487"}],"wp:term":[{"taxonomy":"category","embeddable":true,"href":"http:\/\/vocesver.com\/noticias\/wp-json\/wp\/v2\/categories?post=27487"},{"taxonomy":"post_tag","embeddable":true,"href":"http:\/\/vocesver.com\/noticias\/wp-json\/wp\/v2\/tags?post=27487"}],"curies":[{"name":"wp","href":"https:\/\/api.w.org\/{rel}","templated":true}]}}