{"id":27484,"date":"2021-01-09T16:57:26","date_gmt":"2021-01-09T16:57:26","guid":{"rendered":"http:\/\/vocesver.com\/noticias\/?p=27484"},"modified":"2021-01-09T16:59:17","modified_gmt":"2021-01-09T16:59:17","slug":"las-enfermeras-con-mayor-riesgo-de-contraer-el-coronavirusnra","status":"publish","type":"post","link":"http:\/\/vocesver.com\/noticias\/las-enfermeras-con-mayor-riesgo-de-contraer-el-coronavirusnra\/","title":{"rendered":"LAS ENFERMERAS CON MAYOR RIESGO DE CONTRAER EL CORONAVIRUS:NRA."},"content":{"rendered":"<p>REDACCI\u00d3N\/VOCESVER.COM\/NOTICIAS<\/p>\n<p>Veracruz, Ver.\u00a0 A 9 de\u00a0 Enero 2021.- Derivado de la falta del equipo adecuado y de suficiente personal para enfrentar la pandemia del coronavirus-2019,las enfermeras se encuentran m\u00e1s en riesgo de contraer la enfermedad.<\/p>\n<p>Lo anterior lo se\u00f1al\u00f3 Norma Riego Azuara presidenta del Colegio de Enfermeras del Estado de Veracruz quien agreg\u00f3 este escenario las hace estar m\u00e1s en riesgo.<\/p>\n<p>\u00abSe cerr\u00f3 el 2020 con muchos desgastes emocionales y con mucho des\u00e1nimo por las condiciones laborales que prevalecen, este jaloneo por decirle de alguna manera que se tienen entre los diferentes grupos a\u00fan que hay en el interior que est\u00e1n obstaculizando mucho la aplicaci\u00f3n de los recursos, no sabemos a veces donde quedan las cosas, el gobierno federal las manda, el estatal dice que las distribuye y ya en concreto en los hospitales en los municipios dicen que no les llega\u00bb.<\/p>\n<p>Explic\u00f3 en entrevista, que al no haber suficiente personal de enfermer\u00eda tienen que estar en doble turno y trabajar en dos hospitales.<\/p>\n<p>Apunt\u00f3 que en la Rep\u00fablica Mexicana se han registrado innumerables casos de enfermeras y enfermeros que han perdido la vida por estar en la primera l\u00ednea.<\/p>\n<p>\u00abHay carencia todav\u00eda de material y equipo y por otro lado, enfermer\u00eda el grupo mayoritario dando la cara al frente con recursos propios, con condiciones laborales que se vienen arrastrando de a\u00f1os, una infraestructura inadecuada, se ha tratado de adaptar y mejorar es cierto para el tema de Covid-19, pero esa infraestructura ha sido insuficiente de 15 a\u00f1os para ac\u00e1\u00bb.<\/p>\n<p>Por \u00faltimo, expuso que los enfermeros est\u00e1n sometidos a gran estr\u00e9s por la gran carga de trabajo que existe.<\/p>\n","protected":false},"excerpt":{"rendered":"<p>REDACCI\u00d3N\/VOCESVER.COM\/NOTICIAS Veracruz, Ver.\u00a0 A 9 de\u00a0 Enero 2021.- Derivado de la falta del equipo adecuado y de suficiente personal para<\/p>\n","protected":false},"author":2,"featured_media":27486,"comment_status":"open","ping_status":"open","sticky":false,"template":"","format":"standard","meta":{"colormag_page_container_layout":"default_layout","colormag_page_sidebar_layout":"default_layout","footnotes":""},"categories":[2],"tags":[],"class_list":["post-27484","post","type-post","status-publish","format-standard","has-post-thumbnail","hentry","category-infogral"],"_links":{"self":[{"href":"http:\/\/vocesver.com\/noticias\/wp-json\/wp\/v2\/posts\/27484","targetHints":{"allow":["GET"]}}],"collection":[{"href":"http:\/\/vocesver.com\/noticias\/wp-json\/wp\/v2\/posts"}],"about":[{"href":"http:\/\/vocesver.com\/noticias\/wp-json\/wp\/v2\/types\/post"}],"author":[{"embeddable":true,"href":"http:\/\/vocesver.com\/noticias\/wp-json\/wp\/v2\/users\/2"}],"replies":[{"embeddable":true,"href":"http:\/\/vocesver.com\/noticias\/wp-json\/wp\/v2\/comments?post=27484"}],"version-history":[{"count":1,"href":"http:\/\/vocesver.com\/noticias\/wp-json\/wp\/v2\/posts\/27484\/revisions"}],"predecessor-version":[{"id":27485,"href":"http:\/\/vocesver.com\/noticias\/wp-json\/wp\/v2\/posts\/27484\/revisions\/27485"}],"wp:featuredmedia":[{"embeddable":true,"href":"http:\/\/vocesver.com\/noticias\/wp-json\/wp\/v2\/media\/27486"}],"wp:attachment":[{"href":"http:\/\/vocesver.com\/noticias\/wp-json\/wp\/v2\/media?parent=27484"}],"wp:term":[{"taxonomy":"category","embeddable":true,"href":"http:\/\/vocesver.com\/noticias\/wp-json\/wp\/v2\/categories?post=27484"},{"taxonomy":"post_tag","embeddable":true,"href":"http:\/\/vocesver.com\/noticias\/wp-json\/wp\/v2\/tags?post=27484"}],"curies":[{"name":"wp","href":"https:\/\/api.w.org\/{rel}","templated":true}]}}