{"id":27480,"date":"2021-01-09T16:43:47","date_gmt":"2021-01-09T16:43:47","guid":{"rendered":"http:\/\/vocesver.com\/noticias\/?p=27480"},"modified":"2021-01-09T16:46:02","modified_gmt":"2021-01-09T16:46:02","slug":"establecera-prd-veracruz-alianza-social-para-precandidaturas","status":"publish","type":"post","link":"http:\/\/vocesver.com\/noticias\/establecera-prd-veracruz-alianza-social-para-precandidaturas\/","title":{"rendered":"ESTABLECER\u00c1 PRD VERACRUZ ALIANZA SOCIAL PARA PRECANDIDATURAS."},"content":{"rendered":"<p dir=\"ltr\">_-En pleno de Consejo Estatal, definen criterios para selecci\u00f3n de candidaturas_<\/p>\n<p dir=\"ltr\">_-Direcci\u00f3n Nacional ratificar\u00e1 acuerdo; registros iniciar\u00edan 18 de enero_<\/p>\n<p dir=\"ltr\">Xalapa Ver., 09 de enero de 2021.- En el marco del segundo pleno extraordinario del X Consejo Estatal del Partido de la Revoluci\u00f3n Democr\u00e1tica en el estado de Veracruz, los consejeros aprobaron por unanimidad los puntos relacionados con la emisi\u00f3n de la convocatoria para la selecci\u00f3n de aspirantes a puestos de elecci\u00f3n popular para el proceso electoral 2021.<\/p>\n<p dir=\"ltr\">Presidido por la diputada federal Azucena Rodr\u00edguez Zamora, en la sesi\u00f3n el presidente de la Direcci\u00f3n Estatal Ejecutiva, Sergio Cadena Mart\u00ednez, dio un mensaje a los 93 consejeros presentes de manera virtual donde se refiri\u00f3 a la importancia de sumar fuerzas con la sociedad para responder unidos al reto que enfrentamos.<\/p>\n<p dir=\"ltr\">\u201cPara sumar la voluntad de los electores a favor del cambio pol\u00edtico que el PRD representa, conformaremos una agenda de compromiso fundamentales que atiendan las demandas y necesidades de la sociedad veracruzana, esta agenda se construir\u00e1 con la opini\u00f3n de todas y todos los militantes de nuestro partido y a trav\u00e9s de di\u00e1logo con la sociedad organizada\u201d, apunt\u00f3.<\/p>\n<p dir=\"ltr\">Y agreg\u00f3 que as\u00ed sumaran fuerzas para responder con energ\u00eda al reto que enfrentamos, \u201cunidos, pensando en la recuperaci\u00f3n por venir de las y los veracruzanos, caminaremos, haremos campa\u00f1a y daremos la cara por el \u00fanico partido de izquierda, promotor de la lucha hist\u00f3rica, por la democracia, por las causas sociales y que ahora se propone recuperar junto con todos la grandeza de Veracruz\u201d.<\/p>\n<p dir=\"ltr\">Destac\u00f3 que el PRD obtendr\u00e1 un resultado hist\u00f3rico en el pr\u00f3ximo proceso electoral, producto del di\u00e1logo, el acuerdo, el cabildeo y la unidad interna que sumar\u00e1 a las causas de la sociedad, en la consolidaci\u00f3n de una gran alianza con los sectores de la sociedad veracruzana que aspiran a un mejor nivel de vida para sus familias.<\/p>\n<p dir=\"ltr\">De acuerdo al proceso establecido, el siguiente paso es la ratificaci\u00f3n de la convocatoria por parte de la Direcci\u00f3n Nacional, por lo que una vez que se apruebe ser\u00e1 regresada a la DEE veracruzana, con lo que se espera que a partir del pr\u00f3ximo 18 de enero se de paso al registro de las y los aspirantes a un puesto de elecci\u00f3n popular por las siglas del PRD.<\/p>\n","protected":false},"excerpt":{"rendered":"<p>_-En pleno de Consejo Estatal, definen criterios para selecci\u00f3n de candidaturas_ _-Direcci\u00f3n Nacional ratificar\u00e1 acuerdo; registros iniciar\u00edan 18 de enero_<\/p>\n","protected":false},"author":2,"featured_media":27483,"comment_status":"open","ping_status":"open","sticky":false,"template":"","format":"standard","meta":{"colormag_page_container_layout":"default_layout","colormag_page_sidebar_layout":"default_layout","footnotes":""},"categories":[2],"tags":[],"class_list":["post-27480","post","type-post","status-publish","format-standard","has-post-thumbnail","hentry","category-infogral"],"_links":{"self":[{"href":"http:\/\/vocesver.com\/noticias\/wp-json\/wp\/v2\/posts\/27480","targetHints":{"allow":["GET"]}}],"collection":[{"href":"http:\/\/vocesver.com\/noticias\/wp-json\/wp\/v2\/posts"}],"about":[{"href":"http:\/\/vocesver.com\/noticias\/wp-json\/wp\/v2\/types\/post"}],"author":[{"embeddable":true,"href":"http:\/\/vocesver.com\/noticias\/wp-json\/wp\/v2\/users\/2"}],"replies":[{"embeddable":true,"href":"http:\/\/vocesver.com\/noticias\/wp-json\/wp\/v2\/comments?post=27480"}],"version-history":[{"count":2,"href":"http:\/\/vocesver.com\/noticias\/wp-json\/wp\/v2\/posts\/27480\/revisions"}],"predecessor-version":[{"id":27482,"href":"http:\/\/vocesver.com\/noticias\/wp-json\/wp\/v2\/posts\/27480\/revisions\/27482"}],"wp:featuredmedia":[{"embeddable":true,"href":"http:\/\/vocesver.com\/noticias\/wp-json\/wp\/v2\/media\/27483"}],"wp:attachment":[{"href":"http:\/\/vocesver.com\/noticias\/wp-json\/wp\/v2\/media?parent=27480"}],"wp:term":[{"taxonomy":"category","embeddable":true,"href":"http:\/\/vocesver.com\/noticias\/wp-json\/wp\/v2\/categories?post=27480"},{"taxonomy":"post_tag","embeddable":true,"href":"http:\/\/vocesver.com\/noticias\/wp-json\/wp\/v2\/tags?post=27480"}],"curies":[{"name":"wp","href":"https:\/\/api.w.org\/{rel}","templated":true}]}}