{"id":27477,"date":"2021-01-08T19:41:06","date_gmt":"2021-01-08T19:41:06","guid":{"rendered":"http:\/\/vocesver.com\/noticias\/?p=27477"},"modified":"2021-01-08T19:41:15","modified_gmt":"2021-01-08T19:41:15","slug":"joe-biden-ya-tiene-equipo-economicoenfrentara-crisis-de-estados-unidos","status":"publish","type":"post","link":"http:\/\/vocesver.com\/noticias\/joe-biden-ya-tiene-equipo-economicoenfrentara-crisis-de-estados-unidos\/","title":{"rendered":"JOE BIDEN YA TIENE EQUIPO ECON\u00d3MICO;ENFRENTAR\u00c1 CRISIS DE ESTADOS UNIDOS."},"content":{"rendered":"<p>Joe Biden tiene ya equipo econ\u00f3mico. Foto: AFP<\/p>\n<p>REDACCI\u00d3N\/VOCESVER.COM\/NOTICIAS<\/p>\n<p><a href=\"https:\/\/www.unotv.com\/internacional\/congreso-certifica-a-joe-biden-como-proximo-presidente-de-eu\/\" target=\"_blank\" rel=\"noreferrer noopener\" aria-label=\"undefined (abre en una nueva pesta\u00f1a)\">INTERNACIONAL. A\u00a0 8 de Enero 2021.- DE acuerdo con informaci\u00f3n de UNOTV:::::Joe Biden, presidente electo de Estados Unidos<\/a>, ya tiene completas las designaciones para su equipo econ\u00f3mico, a menos de dos semanas de\u00a0<strong>iniciar su mandato este 20 de enero<\/strong>.<\/p>\n<h2>\u00bfQui\u00e9nes forman el equipo econ\u00f3mico de Joe Biden?<\/h2>\n<p>Joe Biden design\u00f3 como parte de su\u00a0<strong>equipo econ\u00f3mico<\/strong>\u00a0a:<\/p>\n<ul>\n<li><strong>Gina Raimondo<\/strong>, gobernadora de Rhode Island, como\u00a0<strong>secretaria de Comercio<\/strong><\/li>\n<li><strong>Marty Walsh<\/strong>, alcalde de Boston, como\u00a0<strong>secretario de Trabajo<\/strong><\/li>\n<li><strong>Isabel Guzm\u00e1n<\/strong>, exfuncionaria de la administraci\u00f3n de Barack Obama, como<strong>\u00a0responsable de las PYMES.<\/strong><\/li>\n<\/ul>\n<p>A trav\u00e9s de un comunicado el\u00a0<strong>mandatario electo<\/strong>, cuya certificaci\u00f3n de votos se dio en medio de\u00a0<a href=\"https:\/\/www.unotv.com\/internacional\/protestas-washington-eu-por-certificacion-de-resultados-de-eleccion-minuto-a-minuto-en-vivo-directo\/\" target=\"_blank\" rel=\"noreferrer noopener\" aria-label=\"undefined (abre en una nueva pesta\u00f1a)\">protestas y toma del Capitolio<\/a>\u00a0que\u00a0<a href=\"https:\/\/www.unotv.com\/internacional\/por-manifestaciones-en-capitolio-suman-4-muertos\/\" target=\"_blank\" rel=\"noreferrer noopener\" aria-label=\"undefined (abre en una nueva pesta\u00f1a)\">dej\u00f3 cuatro muertos<\/a>, se\u00f1al\u00f3 que el gabinete de Biden ser\u00e1 el<strong>\u00a0\u201cm\u00e1s diverso de la historia\u201d<\/strong><\/p>\n<blockquote class=\"wp-block-quote\"><p><em>\u201cEl presidente electo Joe Biden ha designado a dos docenas de miembros del gabinete, el m\u00e1s diverso en la historia de Estados Unidos\u201d<\/em><\/p><\/blockquote>\n<p>Joe Biden ya hab\u00eda presentado a principios de diciembre a una parte de su<strong>\u00a0equipo econ\u00f3mico<\/strong>, conformado principalmente por\u00a0<strong>mujeres<\/strong>,\u00a0<strong>personas de minor\u00edas y exfuncionarios del gobierno de Barack Obama.<\/strong><\/p>\n<p>Entre ellos destaca\u00a0<strong>Janet Yellen<\/strong>, expresidenta de la Reserva Federal (Fed, banco central), como\u00a0<strong>futura secretaria del Tesoro.<\/strong><\/p>\n<p>El comunicado del presidente electo asegur\u00f3 que su equipo comparte con \u00e9l el\u00a0<strong>apoyo a la clase media<\/strong>.<\/p>\n<blockquote class=\"wp-block-quote\"><p>\u201cEllos comparten mi\u00a0<em>creencia\u00a0<\/em>de que la clase media construy\u00f3 este pa\u00eds y que los sindicatos construyeron la clase media\u201d,<\/p>\n<p><cite>Comunicado de Joe Biden<\/cite><\/p><\/blockquote>\n<p>El objetivo del equipo ser\u00e1 sacar a<strong>\u00a0Estados Unidos<\/strong>\u00a0\u201cde la peor crisis de desempleo en casi un siglo\u201d, dijo \u201capoyando a las peque\u00f1as empresas y fortaleciendo los sindicatos\u201d.<\/p>\n<p>La\u00a0<a href=\"https:\/\/www.unotv.com\/coronavirus\/\" target=\"_blank\" rel=\"noreferrer noopener\" aria-label=\"undefined (abre en una nueva pesta\u00f1a)\">pandemia de COVID-19<\/a>\u00a0ha causado la peor crisis desde 1929, y millones de estadounidenses perdieron sus trabajos o vieron reducida su jornada laboral.<\/p>\n<p>En diciembre se perdieron 140.000 puestos de trabajo, un panorama mucho peor que el anticipado por los analistas, que esperaban que se crearan 112.000 empleos, seg\u00fan cifras conocidas este viernes.<\/p>\n<p>En E<strong>stados Unidos hay 4 millones de desempleados de larga duraci\u00f3n<\/strong>, por m\u00e1s de 27 semanas, la misma cifra que se registraba en noviembre.<\/p>\n<p>De ser ratificada como<strong>\u00a0secretaria de Comercio, Gina Raimondo\u00a0<\/strong>tomar\u00e1 el testigo de temas complejos, como la<strong>\u00a0guerra comercial con China\u00a0<\/strong>impulsada por la administraci\u00f3n Donald Trump o la r<strong>egulaci\u00f3n de los gigantes tecnol\u00f3gicos.<\/strong><\/p>\n<p>Por otro lado, si es confirmado en el cargo de secretario de Trabajo,\u00a0<strong>Marty Walsh<\/strong>\u00a0ser\u00e1 el\u00a0<strong>primer<\/strong>\u00a0<strong>sindicalista en liderar el Departamento de Trabajo de Estados Unidos\u00a0<\/strong>en casi medio siglo, apunta el comunicado.<\/p>\n<p>A \u00e9l le corresponder\u00e1, entre otras cosas, velar por las condiciones laborales en momentos en que la pandemia ha alterado los modos de trabajar de las empresas.<\/p>\n<p>&nbsp;<\/p>\n<p>INF. DE UNOTV&#8230;&#8230;<\/p>\n<div class=\"wp-block-spacer amp-wp-b86fb5e\" aria-hidden=\"true\" data-amp-original-style=\"height:25px\"><\/div>\n<div class=\"wp-block-newspack-blocks-homepage-articles related-news wpnbha is-grid columns-3 show-image image-aligntop ts-3 is-3 is-uncropped related-news\">\n<div data-posts=\"\" data-current-post-id=\"180207\">\n<h2 class=\"article-section-title\"><\/h2>\n<\/div>\n<\/div>\n","protected":false},"excerpt":{"rendered":"<p>Joe Biden tiene ya equipo econ\u00f3mico. Foto: AFP REDACCI\u00d3N\/VOCESVER.COM\/NOTICIAS INTERNACIONAL. A\u00a0 8 de Enero 2021.- DE acuerdo con informaci\u00f3n de<\/p>\n","protected":false},"author":2,"featured_media":27478,"comment_status":"open","ping_status":"open","sticky":false,"template":"","format":"standard","meta":{"colormag_page_container_layout":"default_layout","colormag_page_sidebar_layout":"default_layout","footnotes":""},"categories":[6],"tags":[],"class_list":["post-27477","post","type-post","status-publish","format-standard","has-post-thumbnail","hentry","category-internacional"],"_links":{"self":[{"href":"http:\/\/vocesver.com\/noticias\/wp-json\/wp\/v2\/posts\/27477","targetHints":{"allow":["GET"]}}],"collection":[{"href":"http:\/\/vocesver.com\/noticias\/wp-json\/wp\/v2\/posts"}],"about":[{"href":"http:\/\/vocesver.com\/noticias\/wp-json\/wp\/v2\/types\/post"}],"author":[{"embeddable":true,"href":"http:\/\/vocesver.com\/noticias\/wp-json\/wp\/v2\/users\/2"}],"replies":[{"embeddable":true,"href":"http:\/\/vocesver.com\/noticias\/wp-json\/wp\/v2\/comments?post=27477"}],"version-history":[{"count":1,"href":"http:\/\/vocesver.com\/noticias\/wp-json\/wp\/v2\/posts\/27477\/revisions"}],"predecessor-version":[{"id":27479,"href":"http:\/\/vocesver.com\/noticias\/wp-json\/wp\/v2\/posts\/27477\/revisions\/27479"}],"wp:featuredmedia":[{"embeddable":true,"href":"http:\/\/vocesver.com\/noticias\/wp-json\/wp\/v2\/media\/27478"}],"wp:attachment":[{"href":"http:\/\/vocesver.com\/noticias\/wp-json\/wp\/v2\/media?parent=27477"}],"wp:term":[{"taxonomy":"category","embeddable":true,"href":"http:\/\/vocesver.com\/noticias\/wp-json\/wp\/v2\/categories?post=27477"},{"taxonomy":"post_tag","embeddable":true,"href":"http:\/\/vocesver.com\/noticias\/wp-json\/wp\/v2\/tags?post=27477"}],"curies":[{"name":"wp","href":"https:\/\/api.w.org\/{rel}","templated":true}]}}