{"id":27472,"date":"2021-01-08T19:33:06","date_gmt":"2021-01-08T19:33:06","guid":{"rendered":"http:\/\/vocesver.com\/noticias\/?p=27472"},"modified":"2021-01-08T19:35:06","modified_gmt":"2021-01-08T19:35:06","slug":"historicohayan-primera-primera-escultura-prehispanica-en-veracruz","status":"publish","type":"post","link":"http:\/\/vocesver.com\/noticias\/historicohayan-primera-primera-escultura-prehispanica-en-veracruz\/","title":{"rendered":"\u00a1HIST\u00d3RICO\u00a1HAYAN PRIMERA ESCULTURA PREHISP\u00c1NICA EN VERACRUZ."},"content":{"rendered":"<p>Foto: INAH<\/p>\n<p>REDACCI\u00d3N\/VOCESVER.COM\/NOTICIAS<\/p>\n<p>NACIONAL-A 8 de Enero 2021. De acuerdo con informaci\u00f3n de UNOTV:::::: El primer d\u00eda de este 2021, habitantes de la comunidad de\u00a0<strong>Hidalgo Amajac, Veracruz<\/strong>, descubrieron una\u00a0<strong>escultura femenina<\/strong>\u00a0completa de casi dos metros de altura dentro de un terreno citr\u00edcola. Tras una inspecci\u00f3n realizada el pasado lunes 4 de enero por expertos del\u00a0<a href=\"https:\/\/www.unotv.com\/estados\/puebla\/inah-halla-piso-prehispanico-en-atlixco-puebla\/\" target=\"_blank\" rel=\"noreferrer noopener\" aria-label=\"undefined (abre en una nueva pesta\u00f1a)\">Instituto Nacional de Antropolog\u00eda e Historia (INAH)<\/a>, se ha ratificado no s\u00f3lo que\u00a0<strong>la pieza es prehisp\u00e1nica,<\/strong>\u00a0sino que tambi\u00e9n\u00a0<strong>es la primera de su tipo<\/strong>\u00a0localizada en la cuenca del r\u00edo Tuxpan, al sur de la huasteca veracruzana.<\/p>\n<p>Sobre este importante descubrimiento, la secretaria de Cultura del Gobierno de M\u00e9xico, Alejandra Frausto Guerrero, se\u00f1al\u00f3:<\/p>\n<blockquote class=\"wp-block-quote\"><p>\u201cEste a\u00f1o en que celebramos la historia y la grandeza de M\u00e9xico, iniciamos con buenas noticias como este tipo de hallazgos\u2026 (Estas representaciones prehisp\u00e1nicas) permiten confirmar la participaci\u00f3n activa de mujeres gobernantes en la estructura social y pol\u00edtica huasteca\u201d.<\/p>\n<p><cite>Alejandra Frausto Guerrero, secretaria de Cultura del Gobierno de M\u00e9xico.<\/cite><\/p><\/blockquote>\n<p>Por su parte, el director general del INAH, Diego Prieto Hern\u00e1ndez, reconoci\u00f3 el importante trabajo que realizan las representaciones estatales del Instituto para el reconocimiento, recuperaci\u00f3n, investigaci\u00f3n y rescate del patrimonio hist\u00f3rico de nuestro pa\u00eds.<\/p>\n<blockquote class=\"wp-block-quote\"><p>\u201cEsta magn\u00edfica representaci\u00f3n femenina permite corroborar lo plasmado en las fuentes etnohist\u00f3ricas acerca del papel relevante de las mujeres en esta regi\u00f3n cultural, al tiempo que abre nuevas l\u00edneas de investigaci\u00f3n en torno al esplendor de la Huasteca desde la \u00e9poca prehisp\u00e1nica\u201d.<\/p>\n<p><cite>Diego Prieto Hern\u00e1ndez, director general del INAH.<\/cite><\/p><\/blockquote>\n<p>En tanto que el alcalde de \u00c1lamo Temapache, Jorge Vera Hern\u00e1ndez, dijo que, sin duda, \u201cha sido un\u00a0<a href=\"https:\/\/www.unotv.com\/estados\/yucatan\/descubren-cascada-debajo-de-iglesia-en-yucatan\/\" target=\"_blank\" rel=\"noreferrer noopener\" aria-label=\"undefined (abre en una nueva pesta\u00f1a)\">hallazgo impresionante<\/a>\u201d, al tiempo en que destac\u00f3 que su descubrimiento es la se\u00f1al de que somos una comunidad milenaria, que ha trascendido ante todas las adversidades desde hace cientos de a\u00f1os, lo que significa que lo haremos ahora tambi\u00e9n y eso es gratificante.<\/p>\n<h2>Una joven mujer de \u00e9lite<\/h2>\n<p>De acuerdo con la investigadora del Centro INAH Veracruz, la\u00a0<a href=\"https:\/\/www.unotv.com\/nacional\/tren-maya-inah-encuentra-cerca-de-tres-mil-vestigios\/\" target=\"_blank\" rel=\"noreferrer noopener\" aria-label=\"undefined (abre en una nueva pesta\u00f1a)\">arque\u00f3loga<\/a>\u00a0Mar\u00eda Eugenia Maldonado Vite, encargada de la inspecci\u00f3n en campo, esta pieza representa a una joven mujer de \u00e9lite, \u201cposiblemente gobernante por su postura y atav\u00edos, m\u00e1s que a una deidad como se han interpretado casi todas las esculturas huastecas femeninas, a las cuales se vincula con la diosa Tlazolt\u00e9otl\u201d.<\/p>\n<h2>\u00bfC\u00f3mo es la escultura de la mujer prehisp\u00e1nica?<\/h2>\n<p>La figura est\u00e1 elaborada en roca caliza y mide 60 cent\u00edmetros en su parte m\u00e1s ancha y alrededor de 25 cent\u00edmetros de grosor; mide casi dos metros de alto. Su buen estado de conservaci\u00f3n permite observar sus rasgos, as\u00ed como su espiga, elemento que permit\u00eda contemplarla erguida.<\/p>\n<figure class=\"wp-block-image size-large\"><img decoding=\"async\" class=\"i-amphtml-fill-content i-amphtml-replaced-content\" src=\"https:\/\/www.unotv.com\/uploads\/2021\/01\/escultura-mujer-114128.jpg\" alt=\"\" \/><\/figure>\n<figure class=\"wp-block-image size-large\">Foto: INAH<\/figure>\n<p>Luce un rostro peque\u00f1o, ojos abiertos y huecos \u2013\u201clos cuales debieron estar rellenos con incrustaciones de obsidiana u otra piedra\u201d\u2013, con un tocado alto, un collar al centro del cual se distingue un adorno en forma de gota, conocido como oyohualli, un torso ataviado con una camisa de mangas largas y una larga falda que llega hasta los tobillos y revela el par de pies desnudos.<\/p>\n<h2>La pieza est\u00e1 ligada a la tradici\u00f3n escult\u00f3rica y a la cultura huasteca<\/h2>\n<p>Dada su ubicaci\u00f3n geogr\u00e1fica entre los sitios arqueol\u00f3gicos de Tochpan (Tuxpan) y Castillo de Teayo, la pieza est\u00e1 ligada a la tradici\u00f3n escult\u00f3rica y a la cultura huasteca, aunque presenta ciertos rasgos del centro de M\u00e9xico, cuando en la regi\u00f3n se hizo notoria la influencia de la Triple Alianza, lo que la colocar\u00eda temporalmente hacia el Poscl\u00e1sico Tard\u00edo (1450-1521 d.C.).<\/p>\n<p>Durante la visita de inspecci\u00f3n, comenta la arque\u00f3loga Mar\u00eda Eugenia Maldonado Vite, se not\u00f3 que la pieza estaba dentro de un sitio arqueol\u00f3gico hasta ahora desconocido, pero extenso.<\/p>\n<figure class=\"wp-block-image size-large\"><img decoding=\"async\" class=\"i-amphtml-fill-content i-amphtml-replaced-content\" src=\"https:\/\/www.unotv.com\/uploads\/2021\/01\/escultura-1-115155.jpg\" alt=\"\" \/><\/figure>\n<figure class=\"wp-block-image size-large\">Foto: INAH<\/figure>\n<p>En \u00e9ste no se han reconocido estructuras monumentales cercanas, sino m\u00e1s bien estructuras bajas, probablemente habitacionales, por lo que una probabilidad es que la talla, que\u00a0<strong>se encontraba boca abaj<\/strong>o, caus\u00f3 que pareciese una piedra a los ojos de los pobladores, y fuera movida de su lugar original y llevada hasta all\u00ed, incluso, desde tiempos prehisp\u00e1nicos.<\/p>\n<blockquote class=\"wp-block-quote\"><p>\u201cEl estilo de la joven de Amajac es similar a representaciones de diosas huastecas de la tierra y la fertilidad, pero con una influencia externa, posiblemente nahua, como se aprecia en el hueco de los ojos para incrustaciones, rasgo que no pertenece a la escultura huasteca cl\u00e1sica sino m\u00e1s bien a la mexica. Adem\u00e1s, el pa\u00f1o que presentan las mujeres huastecas frente a la falda es siempre liso, y en \u00e9sta existe un adorno de nudos y listones\u201d.<\/p>\n<p><cite>Mar\u00eda Eugenia Maldonado Vite, arque\u00f3loga<\/cite><\/p><\/blockquote>\n<p>La investigadora del\u00a0<strong>Centro INAH Veracruz<\/strong>\u00a0dijo que a\u00fan faltan m\u00e1s an\u00e1lisis sobre esta destacada pieza arqueol\u00f3gica, as\u00ed como en el sitio arqueol\u00f3gico donde fue hallada y que por ahora se denomina Hidalgo Amajac.<\/p>\n<p>Por el momento, la escultura de la joven de Hidalgo Amajac permanece bajo resguardo de los propietarios del terreno citr\u00edcola en el cual fue descubierta. Se dialogar\u00e1 entre el INAH y las partes interesadas para definir su emplazamiento futuro.<\/p>\n<p>&nbsp;<\/p>\n<p>INF. DE UNOTV&#8230;..<\/p>\n","protected":false},"excerpt":{"rendered":"<p>Foto: INAH REDACCI\u00d3N\/VOCESVER.COM\/NOTICIAS NACIONAL-A 8 de Enero 2021. De acuerdo con informaci\u00f3n de UNOTV:::::: El primer d\u00eda de este 2021,<\/p>\n","protected":false},"author":2,"featured_media":27474,"comment_status":"open","ping_status":"open","sticky":false,"template":"","format":"standard","meta":{"colormag_page_container_layout":"default_layout","colormag_page_sidebar_layout":"default_layout","footnotes":""},"categories":[5],"tags":[],"class_list":["post-27472","post","type-post","status-publish","format-standard","has-post-thumbnail","hentry","category-nacional"],"_links":{"self":[{"href":"http:\/\/vocesver.com\/noticias\/wp-json\/wp\/v2\/posts\/27472","targetHints":{"allow":["GET"]}}],"collection":[{"href":"http:\/\/vocesver.com\/noticias\/wp-json\/wp\/v2\/posts"}],"about":[{"href":"http:\/\/vocesver.com\/noticias\/wp-json\/wp\/v2\/types\/post"}],"author":[{"embeddable":true,"href":"http:\/\/vocesver.com\/noticias\/wp-json\/wp\/v2\/users\/2"}],"replies":[{"embeddable":true,"href":"http:\/\/vocesver.com\/noticias\/wp-json\/wp\/v2\/comments?post=27472"}],"version-history":[{"count":3,"href":"http:\/\/vocesver.com\/noticias\/wp-json\/wp\/v2\/posts\/27472\/revisions"}],"predecessor-version":[{"id":27476,"href":"http:\/\/vocesver.com\/noticias\/wp-json\/wp\/v2\/posts\/27472\/revisions\/27476"}],"wp:featuredmedia":[{"embeddable":true,"href":"http:\/\/vocesver.com\/noticias\/wp-json\/wp\/v2\/media\/27474"}],"wp:attachment":[{"href":"http:\/\/vocesver.com\/noticias\/wp-json\/wp\/v2\/media?parent=27472"}],"wp:term":[{"taxonomy":"category","embeddable":true,"href":"http:\/\/vocesver.com\/noticias\/wp-json\/wp\/v2\/categories?post=27472"},{"taxonomy":"post_tag","embeddable":true,"href":"http:\/\/vocesver.com\/noticias\/wp-json\/wp\/v2\/tags?post=27472"}],"curies":[{"name":"wp","href":"https:\/\/api.w.org\/{rel}","templated":true}]}}