{"id":27468,"date":"2021-01-08T19:11:08","date_gmt":"2021-01-08T19:11:08","guid":{"rendered":"http:\/\/vocesver.com\/noticias\/?p=27468"},"modified":"2021-01-08T19:12:33","modified_gmt":"2021-01-08T19:12:33","slug":"continua-la-atencion-a-abogados-y-justiciables-en-la-ciudad-de-veracruz","status":"publish","type":"post","link":"http:\/\/vocesver.com\/noticias\/continua-la-atencion-a-abogados-y-justiciables-en-la-ciudad-de-veracruz\/","title":{"rendered":"CONTIN\u00daA LA ATENCI\u00d3N A ABOGADOS Y JUSTICIABLES EN LA CIUDAD DE VERACRUZ."},"content":{"rendered":"<p>&nbsp;<\/p>\n<p>AUSENCIO RIVERA\/VOCESVERCOM\/NOTICIAS<\/p>\n<p>Veracruz, Ver., 8 de enero de 2021.- El Poder Judicial del Estado de Veracruz contin\u00faa con<br \/>\nlos trabajos de reparaci\u00f3n en la Ciudad Judicial de Veracruz, en donde se llevan a cabo las<br \/>\nactividades diarias por parte de las y los colaboradores en cuanto a la atenci\u00f3n de<br \/>\nabogadas, abogados y justiciables.<br \/>\nBajo la supervisi\u00f3n de la Magistrada Isabel In\u00e9s Romero Cruz, Presidenta del Tribunal<br \/>\nSuperior de Justicia y el Consejo de la Judicatura del Poder Judicial del Estado de Veracruz,<br \/>\nse llevan a cabo las reparaciones pertinentes en la \u00e1reas afectadas por las fuertes rachas<br \/>\nde viento registradas el pasado 24 de diciembre del 2020.<br \/>\nPese a que las condiciones climatol\u00f3gicas de este a\u00f1o no han permitido que se concluyan al<br \/>\ncien por ciento las acciones de reparaci\u00f3n, las y los colaboradores se mantienen trabajando<br \/>\nen \u00e1reas seguras y habilitadas para llevar a cabo sus actividades diarias.<br \/>\nLa disposici\u00f3n de las y los trabajadores de continuar con las labores ha permitido que la<br \/>\natenci\u00f3n a abogados y justiciables no se detenga en la zona conurbada de Veracruz-Boca<br \/>\ndel R\u00edo, asegurando una justicia pronta y expedita a los ciudadanos.<br \/>\nLa Secretaria de Estudio y Cuenta del Juzgado Sexto de Primera Instancia, Jessica<br \/>\nM\u00e1rquez Delgado, inform\u00f3 que los oficiales est\u00e1n recibiendo promociones y realizando<br \/>\naudiencias, adem\u00e1s contin\u00faan con el trabajo de las listas de acuerdos y mesas de tr\u00e1mite.<br \/>\n\u00abAnte las reparaciones que se realizan y las rachas de viento registradas, recibimos la<br \/>\nindicaci\u00f3n inmediata por parte de la Magistrada Presidenta Isabel In\u00e9s Romero Cruz para<br \/>\nque la justicia no se detuviera, por ello, se habilitaron \u00e9stas oficinas en la Sala de<br \/>\nAudiencias. Estamos a disposici\u00f3n del trabajo del Tribunal Superior de Justicia para dar<br \/>\natenci\u00f3n al p\u00fablico en general\u00bb.<br \/>\nPor su parte, la Secretaria de Acuerdos del Juzgado Segundo de Primera Instancia de<br \/>\nVeracruz, Ema Lidia Carrollo Ortiz, se\u00f1al\u00f3 que en el espacio afectado el pasado diciembre,<br \/>\nse mantienen en labor el 70 por ciento del personal que fue reubicado dentro de la misma<br \/>\n\u00e1rea conforme a los protocolos de Protecci\u00f3n Civil para salvaguardar la integridad f\u00edsica de<br \/>\nlas y los colaboradores, abogados y justiciables.<br \/>\nAv. L\u00e1zaro C\u00e1rdenas No. 373, El Mirador, Xalapa, Veracruz; C.P. 91170, Tel\u00e9fono (228) 842 28 00 Ext. 17104<br \/>\nwww.pjeveracruz.gob.mx<br \/>\nCoordinaci\u00f3n General de Comunicaci\u00f3n Social.<br \/>\n\u00abEstamos trabajando para que siga funcionando esta \u00e1rea y<br \/>\ndando la atenci\u00f3n al p\u00fablico en general, a los abogados y<br \/>\npersonas que est\u00e1n interesados por sus asuntos\u00bb.<br \/>\nCabe hacer menci\u00f3n que el \u00e1rea interna de Protecci\u00f3n Civil se mantendr\u00e1 atenta para<br \/>\naplicar los protocolos de seguridad ante los eventos climatol\u00f3gicos que se registran desde<br \/>\neste jueves y se pueden extender hasta este fin de semana.<\/p>\n","protected":false},"excerpt":{"rendered":"<p>&nbsp; AUSENCIO RIVERA\/VOCESVERCOM\/NOTICIAS Veracruz, Ver., 8 de enero de 2021.- El Poder Judicial del Estado de Veracruz contin\u00faa con los<\/p>\n","protected":false},"author":2,"featured_media":27471,"comment_status":"open","ping_status":"open","sticky":false,"template":"","format":"standard","meta":{"colormag_page_container_layout":"default_layout","colormag_page_sidebar_layout":"default_layout","footnotes":""},"categories":[2],"tags":[],"class_list":["post-27468","post","type-post","status-publish","format-standard","has-post-thumbnail","hentry","category-infogral"],"_links":{"self":[{"href":"http:\/\/vocesver.com\/noticias\/wp-json\/wp\/v2\/posts\/27468","targetHints":{"allow":["GET"]}}],"collection":[{"href":"http:\/\/vocesver.com\/noticias\/wp-json\/wp\/v2\/posts"}],"about":[{"href":"http:\/\/vocesver.com\/noticias\/wp-json\/wp\/v2\/types\/post"}],"author":[{"embeddable":true,"href":"http:\/\/vocesver.com\/noticias\/wp-json\/wp\/v2\/users\/2"}],"replies":[{"embeddable":true,"href":"http:\/\/vocesver.com\/noticias\/wp-json\/wp\/v2\/comments?post=27468"}],"version-history":[{"count":2,"href":"http:\/\/vocesver.com\/noticias\/wp-json\/wp\/v2\/posts\/27468\/revisions"}],"predecessor-version":[{"id":27470,"href":"http:\/\/vocesver.com\/noticias\/wp-json\/wp\/v2\/posts\/27468\/revisions\/27470"}],"wp:featuredmedia":[{"embeddable":true,"href":"http:\/\/vocesver.com\/noticias\/wp-json\/wp\/v2\/media\/27471"}],"wp:attachment":[{"href":"http:\/\/vocesver.com\/noticias\/wp-json\/wp\/v2\/media?parent=27468"}],"wp:term":[{"taxonomy":"category","embeddable":true,"href":"http:\/\/vocesver.com\/noticias\/wp-json\/wp\/v2\/categories?post=27468"},{"taxonomy":"post_tag","embeddable":true,"href":"http:\/\/vocesver.com\/noticias\/wp-json\/wp\/v2\/tags?post=27468"}],"curies":[{"name":"wp","href":"https:\/\/api.w.org\/{rel}","templated":true}]}}