{"id":27464,"date":"2021-01-07T16:42:55","date_gmt":"2021-01-07T16:42:55","guid":{"rendered":"http:\/\/vocesver.com\/noticias\/?p=27464"},"modified":"2021-01-07T16:48:32","modified_gmt":"2021-01-07T16:48:32","slug":"no-habra-fiestas-de-la-candelaria-en-tlacotalpan-por-pandemia-de-covidramos-alor","status":"publish","type":"post","link":"http:\/\/vocesver.com\/noticias\/no-habra-fiestas-de-la-candelaria-en-tlacotalpan-por-pandemia-de-covidramos-alor\/","title":{"rendered":"NO HABR\u00c1 FIESTAS DE LA CANDELARIA EN TLACOTALPAN POR PANDEMIA DE COVID:RAMOS ALOR."},"content":{"rendered":"<p>&nbsp;<\/p>\n<p>REDACCI\u00d3N\/VOCESVER.COM\/NOTICIAS<\/p>\n<p>Xalapa,Ver.- a 7 de Enero 2021.- De acuerdo con el secretario de Salud del Estado de Veracruz Roberto Ramos Alor\u00a0 se est\u00e1 pidiendo a las autoridades del municipio de Tlacotalpan que ante los incrementos de casos de Covid-19 se cancelen las fiestas de la Virgen de la Candelaria.<\/p>\n<p>El funcionario del sector salud explic\u00f3 que Veracruz se encuentra en amarillo dentro del sem\u00e1foro epidemi\u00f3l\u00f3gico, lo cual prohibe eventos multitudinarios.<\/p>\n<p>Reconoci\u00f3 que actualmente hay 193 nuevos casos de covid y 23 fallecimientos en diversos municipios del Estado.<\/p>\n<p>&nbsp;<\/p>\n","protected":false},"excerpt":{"rendered":"<p>&nbsp; REDACCI\u00d3N\/VOCESVER.COM\/NOTICIAS Xalapa,Ver.- a 7 de Enero 2021.- De acuerdo con el secretario de Salud del Estado de Veracruz Roberto<\/p>\n","protected":false},"author":2,"featured_media":27466,"comment_status":"open","ping_status":"open","sticky":false,"template":"","format":"standard","meta":{"colormag_page_container_layout":"default_layout","colormag_page_sidebar_layout":"default_layout","footnotes":""},"categories":[2],"tags":[],"class_list":["post-27464","post","type-post","status-publish","format-standard","has-post-thumbnail","hentry","category-infogral"],"_links":{"self":[{"href":"http:\/\/vocesver.com\/noticias\/wp-json\/wp\/v2\/posts\/27464","targetHints":{"allow":["GET"]}}],"collection":[{"href":"http:\/\/vocesver.com\/noticias\/wp-json\/wp\/v2\/posts"}],"about":[{"href":"http:\/\/vocesver.com\/noticias\/wp-json\/wp\/v2\/types\/post"}],"author":[{"embeddable":true,"href":"http:\/\/vocesver.com\/noticias\/wp-json\/wp\/v2\/users\/2"}],"replies":[{"embeddable":true,"href":"http:\/\/vocesver.com\/noticias\/wp-json\/wp\/v2\/comments?post=27464"}],"version-history":[{"count":2,"href":"http:\/\/vocesver.com\/noticias\/wp-json\/wp\/v2\/posts\/27464\/revisions"}],"predecessor-version":[{"id":27467,"href":"http:\/\/vocesver.com\/noticias\/wp-json\/wp\/v2\/posts\/27464\/revisions\/27467"}],"wp:featuredmedia":[{"embeddable":true,"href":"http:\/\/vocesver.com\/noticias\/wp-json\/wp\/v2\/media\/27466"}],"wp:attachment":[{"href":"http:\/\/vocesver.com\/noticias\/wp-json\/wp\/v2\/media?parent=27464"}],"wp:term":[{"taxonomy":"category","embeddable":true,"href":"http:\/\/vocesver.com\/noticias\/wp-json\/wp\/v2\/categories?post=27464"},{"taxonomy":"post_tag","embeddable":true,"href":"http:\/\/vocesver.com\/noticias\/wp-json\/wp\/v2\/tags?post=27464"}],"curies":[{"name":"wp","href":"https:\/\/api.w.org\/{rel}","templated":true}]}}