{"id":27461,"date":"2021-01-07T16:31:53","date_gmt":"2021-01-07T16:31:53","guid":{"rendered":"http:\/\/vocesver.com\/noticias\/?p=27461"},"modified":"2021-01-07T16:32:02","modified_gmt":"2021-01-07T16:32:02","slug":"trafico-ilegal-de-armas-incrementa-violencia-y-conflictos-en-el-mundomarcelo-ebrard","status":"publish","type":"post","link":"http:\/\/vocesver.com\/noticias\/trafico-ilegal-de-armas-incrementa-violencia-y-conflictos-en-el-mundomarcelo-ebrard\/","title":{"rendered":"TR\u00c1FICO ILEGAL DE ARMAS INCREMENTA VIOLENCIA Y CONFLICTOS EN EL MUNDO:MARCELO EBRARD"},"content":{"rendered":"<p>l tr\u00e1fico de armas es unos de los principales generadores de violencia en el mundo. Foto: AFP\/ Archivo<\/p>\n<p>REDACCI\u00d3N\/VOCESVER.COM\/NOTICIAS<\/p>\n<p>NACIONAL.- A 6 de Enero 2021.- De a cuerdo con informaci\u00f3n de MELINA OCHOA\/M\u00c9XICO\/UNOTV&#8230;.. El secretario de Relaciones Exteriores (SRE),\u00a0<strong><a href=\"https:\/\/www.unotv.com\/nacional\/vacuna-covid-19-de-astrazeneca-sera-aprobada-marcelo-ebrard\/\" target=\"_blank\" rel=\"noreferrer noopener\" aria-label=\"undefined (abre en una nueva pesta\u00f1a)\">Marcelo Ebrard<\/a><\/strong>, asegur\u00f3 que el\u00a0<strong>tr\u00e1fico ilegal de armas es uno de los factores principales<\/strong>\u00a0que incrementan\u00a0<strong>la violencia<\/strong>\u00a0en los conflictos alrededor del mundo.<\/p>\n<ul>\n<li>Lo anterior, durante su mensaje, por primera vez, en el Consejo de Seguridad de la Organizaci\u00f3n de las Naciones Unidas.<\/li>\n<\/ul>\n<blockquote class=\"wp-block-quote\"><p>\u201cEn los \u00faltimos a\u00f1os hemos sido testigos de ciclos de violencia y de la agudizaci\u00f3n de conflictos en contextos de fragilidad que se ven agravados como la pobreza, degradaci\u00f3n ambiental y el tr\u00e1fico y comercio de armas\u201d.<\/p>\n<p><cite><strong>Marcelo Ebrard<\/strong>, canciller mexicano<\/cite><\/p><\/blockquote>\n<p><strong>El canciller destac\u00f3 que un Estado en conflicto\u00a0<\/strong>no depende del mejoramiento de la seguridad, ya que el problema se debe de abordar con distintos \u00e1ngulos, entre ellos el respeto a los derechos humanos y un desarrollo sostenible.<\/p>\n<h2>Vacunas contra el COVID-19<\/h2>\n<p>El acceso universal a las vacunas<strong>\u00a0contra COVID-19\u00a0<\/strong>no se ha alcanzado y por ello es apremiante que el Consejo de Seguridad garantice la construcci\u00f3n de la paz sostenible frente a pandemia COVID-19, se\u00f1al\u00f3\u00a0<strong><a href=\"https:\/\/www.unotv.com\/nacional\/vacuna-covid-19-de-astrazeneca-sera-aprobada-marcelo-ebrard\/\" target=\"_blank\" rel=\"noreferrer noopener\" aria-label=\"undefined (abre en una nueva pesta\u00f1a)\">Marcelo Ebrard<\/a><\/strong>.<\/p>\n<blockquote class=\"wp-block-quote\"><p>\u201cLa pandemia exige una respuesta mundial basada en la unidad, la solidaridad y la cooperaci\u00f3n multilateral para garantizar el acceso universal a los medicamentos, las vacunas y el equipo m\u00e9dico para hacer frente al COVID-19 y as\u00ed reducir los efectos negativos y evitar los rebrotes; el acceso general a las vacunas, que no se est\u00e1 dando todav\u00eda, es una condici\u00f3n\u00a0<em>sine qua non<\/em>\u00a0para lograr superar la pandemia\u201d.<\/p><\/blockquote>\n<p>Durante su participaci\u00f3n en el\u00a0<strong>Consejo de Seguridad de la Organizaci\u00f3n de las Naciones Unidas<\/strong>\u00a0(ONU), a\u00f1adi\u00f3 que es necesario una recuperaci\u00f3n mundial tanto en materia sanitaria como econ\u00f3mica, y para lograrlo es necesario una solidaridad a nivel internacional.<\/p>\n<p>\u201cNecesitamos recuperarnos de la actual crisis sanitaria y econ\u00f3mica con un renovado compromiso y solidaridad internacional, para no dejar a nadie atr\u00e1s, ello solamente ser\u00e1 posible si adoptamos nuevos enfoques que vayan m\u00e1s all\u00e1 de administrar conflictos y que logren una transici\u00f3n de situaciones de conflicto e inseguridad y coloquen a los pa\u00edses en la senda de la estabilidad y desarrollo. En el contexto de la actual pandemia, es a\u00fan m\u00e1s apremiante que el Consejo de Seguridad garantice la construcci\u00f3n de la paz sostenible\u201d.<\/p>\n<div class=\"code-block code-block-center code-block-1\">INF. DE MELINA OCHOA\/UNOTV\/M\u00c9XICO&#8230;<\/div>\n","protected":false},"excerpt":{"rendered":"<p>l tr\u00e1fico de armas es unos de los principales generadores de violencia en el mundo. Foto: AFP\/ Archivo REDACCI\u00d3N\/VOCESVER.COM\/NOTICIAS NACIONAL.-<\/p>\n","protected":false},"author":2,"featured_media":27462,"comment_status":"open","ping_status":"open","sticky":false,"template":"","format":"standard","meta":{"colormag_page_container_layout":"default_layout","colormag_page_sidebar_layout":"default_layout","footnotes":""},"categories":[5],"tags":[],"class_list":["post-27461","post","type-post","status-publish","format-standard","has-post-thumbnail","hentry","category-nacional"],"_links":{"self":[{"href":"http:\/\/vocesver.com\/noticias\/wp-json\/wp\/v2\/posts\/27461","targetHints":{"allow":["GET"]}}],"collection":[{"href":"http:\/\/vocesver.com\/noticias\/wp-json\/wp\/v2\/posts"}],"about":[{"href":"http:\/\/vocesver.com\/noticias\/wp-json\/wp\/v2\/types\/post"}],"author":[{"embeddable":true,"href":"http:\/\/vocesver.com\/noticias\/wp-json\/wp\/v2\/users\/2"}],"replies":[{"embeddable":true,"href":"http:\/\/vocesver.com\/noticias\/wp-json\/wp\/v2\/comments?post=27461"}],"version-history":[{"count":1,"href":"http:\/\/vocesver.com\/noticias\/wp-json\/wp\/v2\/posts\/27461\/revisions"}],"predecessor-version":[{"id":27463,"href":"http:\/\/vocesver.com\/noticias\/wp-json\/wp\/v2\/posts\/27461\/revisions\/27463"}],"wp:featuredmedia":[{"embeddable":true,"href":"http:\/\/vocesver.com\/noticias\/wp-json\/wp\/v2\/media\/27462"}],"wp:attachment":[{"href":"http:\/\/vocesver.com\/noticias\/wp-json\/wp\/v2\/media?parent=27461"}],"wp:term":[{"taxonomy":"category","embeddable":true,"href":"http:\/\/vocesver.com\/noticias\/wp-json\/wp\/v2\/categories?post=27461"},{"taxonomy":"post_tag","embeddable":true,"href":"http:\/\/vocesver.com\/noticias\/wp-json\/wp\/v2\/tags?post=27461"}],"curies":[{"name":"wp","href":"https:\/\/api.w.org\/{rel}","templated":true}]}}