{"id":27458,"date":"2021-01-07T16:25:16","date_gmt":"2021-01-07T16:25:16","guid":{"rendered":"http:\/\/vocesver.com\/noticias\/?p=27458"},"modified":"2021-01-07T16:25:25","modified_gmt":"2021-01-07T16:25:25","slug":"suman-4-muertos-por-manifestaciones-pro-trump-en-capitolio-e-u","status":"publish","type":"post","link":"http:\/\/vocesver.com\/noticias\/suman-4-muertos-por-manifestaciones-pro-trump-en-capitolio-e-u\/","title":{"rendered":"SUMAN 4 MUERTOS POR MANIFESTACIONES PRO-TRUMP EN CAPITOLIO E.U."},"content":{"rendered":"<p>El presidente Donald Trump pidi\u00f3 a sus simpatizantes manifestarse para demorar la certificaci\u00f3n de Joe Biden como presidente electo. Foto: Reuters<\/p>\n<p>REDACCI\u00d3N\/VOCESVER.COM\/NOTICIAS<\/p>\n<p><strong>INTERNACIONAL.- A 6 de Enero 2021.- De acuerdo con informaci\u00f3n de UNOTV\/WASHINGTON DC \/E.U\/AGENCIAS&#8230;.Manifestaciones en Capitolio<\/strong>\u00a0dejan tres fallecidos por las protestas de los simpatizantes del presidente Donald Trump, as\u00ed lo inform\u00f3 la polic\u00eda de\u00a0<strong>Washington D.C.<\/strong>, Estados Unidos.<\/p>\n<p>El jefe de polic\u00eda de\u00a0<strong>Washington<\/strong>\u00a0D.C., Robert Contee, inform\u00f3 en rueda de prensa que se abri\u00f3 una investigaci\u00f3n,\u00a0<a href=\"https:\/\/www.unotv.com\/internacional\/protestas-washington-eu-por-certificacion-de-resultados-de-eleccion-minuto-a-minuto-en-vivo-directo\/\" target=\"_blank\" rel=\"noreferrer noopener\">sin dar ning\u00fan detalle sobre las circunstancias de la tragedia<\/a>\u00a0en el marco de las\u00a0<strong>protestas<\/strong>: \u201cNo hay m\u00e1s detalles disponibles\u201d, a\u00f1adi\u00f3,\u00a0<a href=\"https:\/\/www.unotv.com\/internacional\/congreso-de-estados-unidos-discute-certificacion-de-joe-biden\/\" target=\"_blank\" rel=\"noreferrer noopener\">adem\u00e1s de que tampoco est\u00e1 claro<\/a>\u00a0qui\u00e9n dispar\u00f3 a la mujer, pues hab\u00eda fuerzas policiacas y simpatizantes de Trump, algunos de ellos\u00a0<strong>armados<\/strong>, en el lugar.<\/p>\n<p>Adem\u00e1s,<strong>\u00a0se desconoce la identidad de las dem\u00e1s personas que murieron durante las protestas<\/strong>, ni m\u00e1s detalles al respecto.<\/p>\n<p>Unos 14 integrantes de la polic\u00eda resultaron heridos durante la manifestaci\u00f3n, que por momentos se torn\u00f3 violenta. Dos agentes han sido hospitalizados tras sufrir\u00a0<strong>heridas durante los disturbios<\/strong>. Otro oficial sufri\u00f3 heridas graves despu\u00e9s de estos, al ser arrastrado hacia la\u00a0<strong>multitud y agredido.<\/strong><\/p>\n<p>Mientras tanto, las autoridades de la capital informaron que detuvieron a 30 personas por no respetar el\u00a0<a href=\"https:\/\/www.unotv.com\/internacional\/washington-declara-toque-de-queda-por-protestas-electorales\/\" target=\"_blank\" rel=\"noreferrer noopener\" aria-label=\"undefined (abre en una nueva pesta\u00f1a)\">toque de queda impuesto por la alcaldesa Muriel Bowser debido a las manifestaciones a las afueras del Capitolio.<\/a>\u00a0La alcaldesa inform\u00f3 que el estado de emergencia en la capital se extender\u00e1 hasta el 21 de enero, esto para\u00a0<strong>evitar posibles protestas.<\/strong><\/p>\n<p>&nbsp;<\/p>\n<p>INF. DE UNOTV\/WUASHINGTON\/E.U.\/AGENCIAS&#8230;<\/p>\n","protected":false},"excerpt":{"rendered":"<p>El presidente Donald Trump pidi\u00f3 a sus simpatizantes manifestarse para demorar la certificaci\u00f3n de Joe Biden como presidente electo. Foto:<\/p>\n","protected":false},"author":2,"featured_media":27459,"comment_status":"open","ping_status":"open","sticky":false,"template":"","format":"standard","meta":{"colormag_page_container_layout":"default_layout","colormag_page_sidebar_layout":"default_layout","footnotes":""},"categories":[6],"tags":[],"class_list":["post-27458","post","type-post","status-publish","format-standard","has-post-thumbnail","hentry","category-internacional"],"_links":{"self":[{"href":"http:\/\/vocesver.com\/noticias\/wp-json\/wp\/v2\/posts\/27458","targetHints":{"allow":["GET"]}}],"collection":[{"href":"http:\/\/vocesver.com\/noticias\/wp-json\/wp\/v2\/posts"}],"about":[{"href":"http:\/\/vocesver.com\/noticias\/wp-json\/wp\/v2\/types\/post"}],"author":[{"embeddable":true,"href":"http:\/\/vocesver.com\/noticias\/wp-json\/wp\/v2\/users\/2"}],"replies":[{"embeddable":true,"href":"http:\/\/vocesver.com\/noticias\/wp-json\/wp\/v2\/comments?post=27458"}],"version-history":[{"count":1,"href":"http:\/\/vocesver.com\/noticias\/wp-json\/wp\/v2\/posts\/27458\/revisions"}],"predecessor-version":[{"id":27460,"href":"http:\/\/vocesver.com\/noticias\/wp-json\/wp\/v2\/posts\/27458\/revisions\/27460"}],"wp:featuredmedia":[{"embeddable":true,"href":"http:\/\/vocesver.com\/noticias\/wp-json\/wp\/v2\/media\/27459"}],"wp:attachment":[{"href":"http:\/\/vocesver.com\/noticias\/wp-json\/wp\/v2\/media?parent=27458"}],"wp:term":[{"taxonomy":"category","embeddable":true,"href":"http:\/\/vocesver.com\/noticias\/wp-json\/wp\/v2\/categories?post=27458"},{"taxonomy":"post_tag","embeddable":true,"href":"http:\/\/vocesver.com\/noticias\/wp-json\/wp\/v2\/tags?post=27458"}],"curies":[{"name":"wp","href":"https:\/\/api.w.org\/{rel}","templated":true}]}}