{"id":27454,"date":"2021-01-07T15:46:46","date_gmt":"2021-01-07T15:46:46","guid":{"rendered":"http:\/\/vocesver.com\/noticias\/?p=27454"},"modified":"2021-01-07T15:48:28","modified_gmt":"2021-01-07T15:48:28","slug":"mexicoveracruz-y-el-campo-necesitan-del-pri-y-la-cncno-les-vamos-a-fallarmoreno-cardenas","status":"publish","type":"post","link":"http:\/\/vocesver.com\/noticias\/mexicoveracruz-y-el-campo-necesitan-del-pri-y-la-cncno-les-vamos-a-fallarmoreno-cardenas\/","title":{"rendered":"M\u00c9XICO,VERACRUZ Y EL CAMPO, NECESITAN DEL PRI Y LA CNC;NO LES VAMOS A FALLAR:MORENO C\u00c1RDENAS"},"content":{"rendered":"<div class=\"x_gmail_quote\">\n<div dir=\"ltr\">\n<div dir=\"ltr\">\n<ul type=\"disc\">\n<li class=\"x_MsoNormal\"><b>Con el respaldo de los campesinos, le vamos a hacer justicia a Veracruz y al pa\u00eds: Marlon Ram\u00edrez<\/b><\/li>\n<li class=\"x_MsoNormal\"><b>El PRI y la CNC, estamos llamados a crear un nuevo acuerdo por el futuro del campo ante la grave situaci\u00f3n que se vive: Ismael Hern\u00e1nde<\/b><\/li>\n<\/ul>\n<\/div>\n<p>POR:ALEJANDRO MURRIETa\/VOCESVER.COM\/NOTICIAS<\/p>\n<div dir=\"ltr\">\n<p class=\"x_MsoNormal\"><b>Veracruz, Ver., 7 de enero de 2021.<\/b>\u00a0M\u00e9xico, Veracruz y el campo, necesitan del PRI y de la CNC, \u201cde cara al proceso electoral, tenemos que salir a las calles, a las comunidades, a recordar a la ciudadan\u00eda, que somos un partido con 91 a\u00f1os de experiencia, que sabe dar resultados\u201d, expres\u00f3, Alejandro Moreno C\u00e1rdenas, presidente del CEN del PRI, durante la ceremonia del 106 Aniversario de la Promulgaci\u00f3n de la Ley Agraria que se llev\u00f3 a cabo este mi\u00e9rcoles en el puerto jarocho.<\/p>\n<p class=\"x_MsoNormal\">\u201cTenemos la estructura pol\u00edtica mejor organizada, con mayor alcance y capacidad de movilizaci\u00f3n en todo nuestro pa\u00eds, la mejor militancia, la m\u00e1s leal y trabajadora, bien preparada y cercana, que no regatea el esfuerzo y que demuestra todos los d\u00edas su compromiso con nuestro partido y con nuestro pa\u00eds\u201d, dijo al acusar que Morena le ha dado la espalda al campo mexicano.<\/p>\n<p class=\"x_MsoNormal\">\u201cMorena ha decidido que puede darse el lujo de olvidarse del sector que contribuye con m\u00e1s del 7% de la riqueza de nuestro pa\u00eds, que representa el sustento directo de m\u00e1s de 5 millones de mujeres y hombres trabajadores del que depende el alimento de nuestras familias en los hogares del pa\u00eds.<\/p>\n<p class=\"x_MsoNormal\">Se han olvidado del campo y de su gente, de atender los estragos que est\u00e1 alcanzado la pandemia, la ca\u00edda hist\u00f3rica de la econom\u00eda nacional, la inseguridad y la carencia que azota en las comunidades rurales de nuestro pa\u00eds a la gente del campo, pueblos originarios y comunidades de hermanos migrantes, as\u00ed como recortes a programas del campo y desaparici\u00f3n de fideicomisos\u201d, reiter\u00f3, acompa\u00f1ado del presidente del CDE del PRI Marlon Ram\u00edrez Mar\u00edn.<\/p>\n<p class=\"x_MsoNormal\">Pidi\u00f3 redoblar el trabajo territorial, clave para el triunfo electoral, as\u00ed como redoblar el esfuerzo del activismo pol\u00edtico, que en tiempos de pandemia mediante las redes sociales ha dado buenos resultados. \u201cSomos conscientes que tenemos una deuda pendiente con las mujeres y los hombres del campo, tenemos que seguir luchando por hacer del campo un espacio de derechos y oportunidades y de mejor calidad de vida para los mexicanos.\u201d<\/p>\n<p class=\"x_MsoNormal\">\u201cHoy les pido que iniciemos el a\u00f1o con mucha fuerza, que apoyemos fuerte el trabajo de la CNC, seamos ejemplo de unidad, esa unidad que nos caracteriza y de la que tanto carecen nuestros adversarios pol\u00edticos, mantengan el buen paso siempre solidarios y convencidos de su lucha, con trabajo, gesti\u00f3n y acuerdos, luchando por el inter\u00e9s de M\u00e9xico\u201d, enfatiz\u00f3.<\/p>\n<p class=\"x_MsoNormal\">Se\u00f1al\u00f3 que Veracruz es un gran ejemplo de c\u00f3mo el PRI ha venido trabajando, renovando sus estructuras, y adaptando las nuevas condiciones en que vivimos a un trabajo permanente de suma, compromiso y gesti\u00f3n. \u201cVamos con todo el pr\u00f3ximo 6 de junio; en M\u00e9xico y en Veracruz, va a ganar el Partido Revolucionario Institucional.\u201d<\/p>\n<p class=\"x_MsoNormal\">Al reconocer el valioso trabajo de todos y cada uno de los militantes, dijo: \u201choy les quiero pedir con firmeza y con claridad que sumemos esfuerzos y trabajemos juntos a favor del partido, hay que ser generosos con el PRI, y anteponer los intereses del partido y de M\u00e9xico, ante cualquier inter\u00e9s personal.\u201d<\/p>\n<p class=\"x_MsoNormal\">Para concluir, puntualiz\u00f3 que la construcci\u00f3n de la alianza nacional \u201cVa por M\u00e9xico\u201d, tiene organizaci\u00f3n, estrategia y se genera la mejor rentabilidad pol\u00edtica en cada uno de los 300 distritos electorales, adem\u00e1s \u201cvamos con todo en las 15 gubernaturas\u201d. El \u00fanico inter\u00e9s que tenemos es ganar las elecciones para servirle a nuestra gente. \u201cNo les vamos a fallar, el PRI est\u00e1 de regreso y vamos a ganar la presidencia de la Rep\u00fablica.\u201d<\/p>\n<p class=\"x_MsoNormal\">Por su parte, Marlon Ram\u00edrez Mar\u00edn, presidente del CDE del PRI en Veracruz, luego de dar la bienvenida al dirigente nacional del partido, destac\u00f3 que: \u201ca 150 d\u00edas de la elecci\u00f3n, se trabaja para que el presidente Alejandro Moreno C\u00e1rdenas pueda decir: ganamos en Veracruz con el respaldo de los campesinos de este estado, que hace un poco m\u00e1s de 90 a\u00f1os le dio justicia a los campesinos, y hoy le vamos a hacer justicia a Veracruz y a M\u00e9xico.\u201d<\/p>\n<p class=\"x_MsoNormal\"><b>Un nuevo pacto por el futuro del campo<\/b><\/p>\n<p class=\"x_MsoNormal\">En su intervenci\u00f3n, Ismael Hern\u00e1ndez Deras, dirigente nacional de la Confederaci\u00f3n Nacional Campesina (CNC), destac\u00f3 que, por primera vez en la historia de este evento nacional, es presidido por el presidente del CEN del PRI, hoy Alejandro Moreno C\u00e1rdenas, en quien reconoci\u00f3 total apertura con la CNC, y envi\u00f3 un mensaje claro y firme: \u201cM\u00e9xico nos necesita unidos a todos.\u201d<\/p>\n<p class=\"x_MsoNormal\">Asimismo, refiri\u00f3 que la pandemia que ha cobrado muchas vidas, la econom\u00eda y la situaci\u00f3n desoladora en el campo, representan una de las situaciones m\u00e1s graves que haya tenido en casi un siglo de la historia la vida pol\u00edtica, econ\u00f3mica y social en M\u00e9xico. \u201cEl PRI y la CNC, estamos llamados a concretar un gran acuerdo por el futuro del campo, donde concluyan organizaciones campesinas de todas las expresiones, y que, entre otras causas, luche por programas que promuevan un desarrollo rural integral para todos, y una pol\u00edtica encaminada a lograr la soberan\u00eda alimentaria para el pa\u00eds.\u201d<\/p>\n<p class=\"x_MsoNormal\">En su mensaje de bienvenida, Manuel Guerrero S\u00e1nchez, el delegado en funciones de presidente de la Liga de Comunidades Agrarias, Sindicatos y Organizaciones Campesinas de Veracruz, enfatiz\u00f3 que el 2021 \u201ces el a\u00f1o en que el futuro del pa\u00eds est\u00e1 en nuestras manos\u201d, ante el descontento, justo como en el a\u00f1o 1915, con un gobierno autoritario e insensible con el que los gobernados se sienten defraudados.<\/p>\n<p class=\"x_MsoNormal\">De igual forma, luego de dar la bienvenida y reconocer el respaldo del presidente nacional del CEN del PRI, Alejandro Moreno C\u00e1rdenas, expres\u00f3: \u201cen Veracruz, reiteramos el compromiso con el partido como lo ha instruido nuestro l\u00edder, el diputado Ismael Hern\u00e1ndez Deras: la CNC y Veracruz caminamos en un mismo sentido\u201d; asimismo, reconoci\u00f3 y agradeci\u00f3 el apoyo de Marlon Ram\u00edrez Mar\u00edn, presidente del CDE del PRI, a la CNC, \u201ccaminando juntos, vamos a dar resultados a Veracruz.\u201d<\/p>\n<p class=\"x_MsoNormal\">Estuvieron presentes en la ceremonia realizada en las instalaciones del Comit\u00e9 Municipal del PRI en Veracruz, Beatriz Paredes Rangel, senadora de la Rep\u00fablica; Jorge Meade Ocaranza, delegado del CEN del PRI en Veracruz; Lorena Pi\u00f1\u00f3n Rivera, secretaria de Gesti\u00f3n Social del CEN del PRI; Arianna Angeles Aguirre, secretaria general del CDE del PRI en Veracruz; Anilu Ingram Vallines, H\u00e9ctor Yunes Landa, Manuel Lim\u00f3n Hern\u00e1ndez y Juan Ortiz Guarneros, diputada y diputados federales.<\/p>\n<p class=\"x_MsoNormal\">Asimismo, Erika Ayala R\u00edos y Jorge Moreno Salinas, diputada y diputado local; Jos\u00e9 Murat Casab, presidente nacional de la Fundaci\u00f3n Colosio; V\u00edctor Garc\u00eda Trujeque, secretario general de la CTM en Veracruz; Samuel Aguirre, dirigente estatal de Antorcha Campesina; Renato Alarc\u00f3n Guevara, presidente de la Fundaci\u00f3n Colosio en Veracruz; Adolfo Ram\u00edrez Arana, secretario general de la CNOP, en Veracruz; Irene Arag\u00f3n, l\u00edder estatal del Movimiento Territorial; y Yolanda Lagunes, dirigente estatal del ONMPRI en Veracruz.<\/p>\n<p class=\"x_MsoNormal\">De igual forma participaron tanto de manera presencial como por v\u00eda Zoom: Ren\u00e9 Ju\u00e1rez Cisneros, diputado federal y presidente de la bancada priista; Carlos Troncoso, presidente del Comit\u00e9 Municipal del PRI en Veracruz; diputados locales, diputados federales; secretarios del CEN, del CDE, dirigentes de comit\u00e9s municipales, l\u00edderes productores de distintas agrupaciones adheridas a la CNC, as\u00ed como representantes de sectores y organizaciones.<\/p>\n<div><\/div>\n<\/div>\n<\/div>\n<\/div>\n","protected":false},"excerpt":{"rendered":"<p>Con el respaldo de los campesinos, le vamos a hacer justicia a Veracruz y al pa\u00eds: Marlon Ram\u00edrez El PRI<\/p>\n","protected":false},"author":2,"featured_media":27457,"comment_status":"open","ping_status":"open","sticky":false,"template":"","format":"standard","meta":{"colormag_page_container_layout":"default_layout","colormag_page_sidebar_layout":"default_layout","footnotes":""},"categories":[2],"tags":[],"class_list":["post-27454","post","type-post","status-publish","format-standard","has-post-thumbnail","hentry","category-infogral"],"_links":{"self":[{"href":"http:\/\/vocesver.com\/noticias\/wp-json\/wp\/v2\/posts\/27454","targetHints":{"allow":["GET"]}}],"collection":[{"href":"http:\/\/vocesver.com\/noticias\/wp-json\/wp\/v2\/posts"}],"about":[{"href":"http:\/\/vocesver.com\/noticias\/wp-json\/wp\/v2\/types\/post"}],"author":[{"embeddable":true,"href":"http:\/\/vocesver.com\/noticias\/wp-json\/wp\/v2\/users\/2"}],"replies":[{"embeddable":true,"href":"http:\/\/vocesver.com\/noticias\/wp-json\/wp\/v2\/comments?post=27454"}],"version-history":[{"count":2,"href":"http:\/\/vocesver.com\/noticias\/wp-json\/wp\/v2\/posts\/27454\/revisions"}],"predecessor-version":[{"id":27456,"href":"http:\/\/vocesver.com\/noticias\/wp-json\/wp\/v2\/posts\/27454\/revisions\/27456"}],"wp:featuredmedia":[{"embeddable":true,"href":"http:\/\/vocesver.com\/noticias\/wp-json\/wp\/v2\/media\/27457"}],"wp:attachment":[{"href":"http:\/\/vocesver.com\/noticias\/wp-json\/wp\/v2\/media?parent=27454"}],"wp:term":[{"taxonomy":"category","embeddable":true,"href":"http:\/\/vocesver.com\/noticias\/wp-json\/wp\/v2\/categories?post=27454"},{"taxonomy":"post_tag","embeddable":true,"href":"http:\/\/vocesver.com\/noticias\/wp-json\/wp\/v2\/tags?post=27454"}],"curies":[{"name":"wp","href":"https:\/\/api.w.org\/{rel}","templated":true}]}}