{"id":27451,"date":"2021-01-07T15:39:33","date_gmt":"2021-01-07T15:39:33","guid":{"rendered":"http:\/\/vocesver.com\/noticias\/?p=27451"},"modified":"2021-01-07T15:41:19","modified_gmt":"2021-01-07T15:41:19","slug":"realizaron-trabajos-de-desinfeccion-en-el-poder-judicial-de-veracruz","status":"publish","type":"post","link":"http:\/\/vocesver.com\/noticias\/realizaron-trabajos-de-desinfeccion-en-el-poder-judicial-de-veracruz\/","title":{"rendered":"REALIZAR\u00d3N TRABAJOS DE DESINFECCI\u00d3N EN EL PODER JUDICIAL DE VERACRUZ."},"content":{"rendered":"<p>POR:ALEJANDRO MURRIETA\/VOCESVER.COM\/NOTICIAS<\/p>\n<p>Xalapa, Ver., martes 7 de enero de 2021.- Por instrucciones de la Magistrada, Isabel In\u00e9s Romero Cruz, Presidenta del Tribunal Superior de Justicia y del Consejo de la Judicatura, se realizar\u00f3n labores de desinfecci\u00f3n en todas las instalaciones del Poder Judicial del Estado de Veracruz para un retorno seguro a las actividades de los trabajadores y trabajadoras.<\/p>\n<p>Ante la pandemia del virus Sars-Cov2 (Covid-19) que mantiene el sem\u00e1foro epidemiol\u00f3gico del Estado de Veracruz en color amarillo, se realizan trabajos de limpieza e higiene en cada una de las \u00e1reas de trabajo, oficinas y juzgados de las diferentes Ciudades Judiciales ubicadas a lo largo y ancho de la entidad veracruzana.<\/p>\n<p>Es de mencionar que de acuerdo al calendario oficial, las y los trabajadores del Poder Judicial del Estado de Veracruz regresan a sus actividades habituales este pr\u00f3ximo mi\u00e9rcoles 6 de enero, por lo que se garantizar\u00e1 un retorno seguro.<\/p>\n","protected":false},"excerpt":{"rendered":"<p>POR:ALEJANDRO MURRIETA\/VOCESVER.COM\/NOTICIAS Xalapa, Ver., martes 7 de enero de 2021.- Por instrucciones de la Magistrada, Isabel In\u00e9s Romero Cruz, Presidenta<\/p>\n","protected":false},"author":2,"featured_media":27453,"comment_status":"open","ping_status":"open","sticky":false,"template":"","format":"standard","meta":{"colormag_page_container_layout":"default_layout","colormag_page_sidebar_layout":"default_layout","footnotes":""},"categories":[4],"tags":[],"class_list":["post-27451","post","type-post","status-publish","format-standard","has-post-thumbnail","hentry","category-estatal"],"_links":{"self":[{"href":"http:\/\/vocesver.com\/noticias\/wp-json\/wp\/v2\/posts\/27451","targetHints":{"allow":["GET"]}}],"collection":[{"href":"http:\/\/vocesver.com\/noticias\/wp-json\/wp\/v2\/posts"}],"about":[{"href":"http:\/\/vocesver.com\/noticias\/wp-json\/wp\/v2\/types\/post"}],"author":[{"embeddable":true,"href":"http:\/\/vocesver.com\/noticias\/wp-json\/wp\/v2\/users\/2"}],"replies":[{"embeddable":true,"href":"http:\/\/vocesver.com\/noticias\/wp-json\/wp\/v2\/comments?post=27451"}],"version-history":[{"count":1,"href":"http:\/\/vocesver.com\/noticias\/wp-json\/wp\/v2\/posts\/27451\/revisions"}],"predecessor-version":[{"id":27452,"href":"http:\/\/vocesver.com\/noticias\/wp-json\/wp\/v2\/posts\/27451\/revisions\/27452"}],"wp:featuredmedia":[{"embeddable":true,"href":"http:\/\/vocesver.com\/noticias\/wp-json\/wp\/v2\/media\/27453"}],"wp:attachment":[{"href":"http:\/\/vocesver.com\/noticias\/wp-json\/wp\/v2\/media?parent=27451"}],"wp:term":[{"taxonomy":"category","embeddable":true,"href":"http:\/\/vocesver.com\/noticias\/wp-json\/wp\/v2\/categories?post=27451"},{"taxonomy":"post_tag","embeddable":true,"href":"http:\/\/vocesver.com\/noticias\/wp-json\/wp\/v2\/tags?post=27451"}],"curies":[{"name":"wp","href":"https:\/\/api.w.org\/{rel}","templated":true}]}}