{"id":27447,"date":"2021-01-07T15:34:34","date_gmt":"2021-01-07T15:34:34","guid":{"rendered":"http:\/\/vocesver.com\/noticias\/?p=27447"},"modified":"2021-01-07T15:36:19","modified_gmt":"2021-01-07T15:36:19","slug":"de-acuerdo-a-lo-programadopersonal-de-pjev-regreso-a-sus-actividades","status":"publish","type":"post","link":"http:\/\/vocesver.com\/noticias\/de-acuerdo-a-lo-programadopersonal-de-pjev-regreso-a-sus-actividades\/","title":{"rendered":"DE ACUERDO A LO PROGRAMADO,PERSONAL DE PJEV REGRES\u00d3 A SUS ACTIVIDADES."},"content":{"rendered":"<p>REDACCI\u00d3N\/VOCESVER.COM\/NOTICIAS<\/p>\n<p>Veracruz, Ver.- 7 de enero de 2021.- De acuerdo al calendario oficial, este mi\u00e9rcoles 6 de enero reinici\u00f3 labores el personal del Poder Judicial del Estado de Veracruz en toda la entidad.<\/p>\n<p>En el caso particular de la Ciudad Judicial en el municipio de Veracruz, tras los da\u00f1os que sufri\u00f3 una parte de la estructura por las rachas de viento de m\u00e1s de 126 kil\u00f3metros por hora, se realizaron trabajos de restauraci\u00f3n durante estas dos \u00faltimas semanas, cuyo avance se encuentra al 95 por ciento.<\/p>\n<p>Estas acciones brindaron las condiciones de seguridad a todo el personal que labora en la sede, reanud\u00e1ndose el servicio a la ciudadan\u00eda con normalidad.<\/p>\n<p>Tras certificar que no corr\u00eda ning\u00fan riesgo a su integridad f\u00edsica, el personal de la Ciudad Judicial en el puerto de Veracruz se reincorpor\u00f3 a sus labores bajo los protocolos y las medidas de seguridad para evitar contagios, tales como el uso obligatorio de cubrebocas, gel antibacterial y la sana distancia.<\/p>\n<p>Al respecto, la Magistrada Presidenta del Tribunal Superior de Justicia y del Consejo de la Judicatura del Poder Judicial del Estado de Veracruz, Isabel In\u00e9s Romero Cruz reiter\u00f3 su compromiso de salvaguardar la salud y el bienestar de quienes integran los \u00f3rganos jurisdiccionales y administrativos del Poder Judicial del Estado, as\u00ed como de los justiciables<\/p>\n","protected":false},"excerpt":{"rendered":"<p>REDACCI\u00d3N\/VOCESVER.COM\/NOTICIAS Veracruz, Ver.- 7 de enero de 2021.- De acuerdo al calendario oficial, este mi\u00e9rcoles 6 de enero reinici\u00f3 labores<\/p>\n","protected":false},"author":2,"featured_media":27449,"comment_status":"open","ping_status":"open","sticky":false,"template":"","format":"standard","meta":{"colormag_page_container_layout":"default_layout","colormag_page_sidebar_layout":"default_layout","footnotes":""},"categories":[2],"tags":[],"class_list":["post-27447","post","type-post","status-publish","format-standard","has-post-thumbnail","hentry","category-infogral"],"_links":{"self":[{"href":"http:\/\/vocesver.com\/noticias\/wp-json\/wp\/v2\/posts\/27447","targetHints":{"allow":["GET"]}}],"collection":[{"href":"http:\/\/vocesver.com\/noticias\/wp-json\/wp\/v2\/posts"}],"about":[{"href":"http:\/\/vocesver.com\/noticias\/wp-json\/wp\/v2\/types\/post"}],"author":[{"embeddable":true,"href":"http:\/\/vocesver.com\/noticias\/wp-json\/wp\/v2\/users\/2"}],"replies":[{"embeddable":true,"href":"http:\/\/vocesver.com\/noticias\/wp-json\/wp\/v2\/comments?post=27447"}],"version-history":[{"count":2,"href":"http:\/\/vocesver.com\/noticias\/wp-json\/wp\/v2\/posts\/27447\/revisions"}],"predecessor-version":[{"id":27450,"href":"http:\/\/vocesver.com\/noticias\/wp-json\/wp\/v2\/posts\/27447\/revisions\/27450"}],"wp:featuredmedia":[{"embeddable":true,"href":"http:\/\/vocesver.com\/noticias\/wp-json\/wp\/v2\/media\/27449"}],"wp:attachment":[{"href":"http:\/\/vocesver.com\/noticias\/wp-json\/wp\/v2\/media?parent=27447"}],"wp:term":[{"taxonomy":"category","embeddable":true,"href":"http:\/\/vocesver.com\/noticias\/wp-json\/wp\/v2\/categories?post=27447"},{"taxonomy":"post_tag","embeddable":true,"href":"http:\/\/vocesver.com\/noticias\/wp-json\/wp\/v2\/tags?post=27447"}],"curies":[{"name":"wp","href":"https:\/\/api.w.org\/{rel}","templated":true}]}}