{"id":27442,"date":"2021-01-06T18:04:19","date_gmt":"2021-01-06T18:04:19","guid":{"rendered":"http:\/\/vocesver.com\/noticias\/?p=27442"},"modified":"2021-01-06T18:17:39","modified_gmt":"2021-01-06T18:17:39","slug":"urgen-acciones-proactivas-para-frenar-la-pandemia-del-covid-19-en-veracruzpaco-carmona","status":"publish","type":"post","link":"http:\/\/vocesver.com\/noticias\/urgen-acciones-proactivas-para-frenar-la-pandemia-del-covid-19-en-veracruzpaco-carmona\/","title":{"rendered":"URGEN ACCIONES PROACTIVAS PARA FRENAR LA PANDEMIA DEL COVID  19 EN VERACRUZ:PACO CARMONA."},"content":{"rendered":"<p>\u00b0Lamentablemente la pandemia se encuentra a su m\u00e1ximo esplendor ya que sigue cobrando mas vidas y contagiando a m\u00e1s gente.<\/p>\n<p>\u00b0Esto les vale a aspirantes a puestos de elecci\u00f3n popular, sigue convoncando a grandes tumultos y regalando cosas.<\/p>\n<p>\u00b0Indignante que esos seres sin escr\u00fapulos lucren con la necesidad del pueblo de forma irresponsable en tiempos de<\/p>\n<p>alto contagio del covid.<\/p>\n<p>\u00b0Mientras tanto autoridades de salud, gobernaci\u00f3n y electorales\u00a0 hacen que no ven, pues ni siquiera hacen nada al respecto.<\/p>\n<p>AUSENCIO RIVERA\/VOCESVER.COM\/NOTICIAS<\/p>\n<p>Veracruz, Ver.- a 6 de Enero 2020.&#8211;En medio del descontrol de la contenci\u00f3n del Covid-19 en el Estado de Veracruz, tal parece que a ninguna autoridad le interesa proponer alguna acci\u00f3n proactiva para domar a la fiera que desgraciadamente en su m\u00e1ximo esplendor sigue cobrando vidas y propag\u00e1ndose\u00a0 por todos lados sin distinguir edades, sexos, condici\u00f3n social, religi\u00f3n y menos afiliaci\u00f3n partidaria.<\/p>\n<p>As\u00ed se expres\u00f3 el licenciado Francisco Carmona Oliveros presidente estatal del Grupo Impulsor de Desarrollo Social qui\u00e9n expuso que el covid 19 sigue en plenitud y en conyuntura con la fiebre electoral, las fiestas decembrinas y el d\u00eda de Reyes siguen ampliando su base de contagios y muertes.<\/p>\n<p>Vemos a ambiciosos estereotipos jugando a ser pol\u00edticos, intelectuales y sociales que no dejan de provocar tumultos regalando d\u00f3sis potenciales de covid disfrazadas de bonom\u00eda y falso amor al pr\u00f3jimo.<\/p>\n<p>Tambi\u00e9n se ha visto que\u00a0 por una docena de huevos, cajitas de paracetamol gen\u00e9rico, una pelotita, un juguete chino de 5 pesos se convoca a cientos de ni\u00f1os y adultos para hacer filas y obtener esas d\u00e1divas que los emisores de la acci\u00f3n traducen en sue\u00f1os guajiros de que los transformar\u00e1n en votos.<\/p>\n<p>Asociaciones civiles, fundaciones y partidos pol\u00edticos anuncian esos regalos en ciertos sectores poblacionales por cientos y hasta miles de juguetes, medicinas, huevos, pollo, ropa y todo los inimaginable con tal de que los volteen a\u00a0 ver el d\u00eda de la elecci\u00f3n.<\/p>\n<p>Afirm\u00f3 que pese a esto\u00a0 la autoridad de salud,Gobernaci\u00f3n y la propia autoridad electoral no hacen nada,cierran los ojos y prefieren que la gente se contagie y hasta se est\u00e9 muriendo consecuencia de la pandemia.<\/p>\n<p>No es que se esperen medidas cohercitivas ya que de cierta forma la misma ley permite todas esas acciones abigarradas, no es un tema de legalidad, sencillamente se pudieran hacer medi\u00e1ticamente llamados, exhortos a la cordura y a l a\u00a0 moralidad dado al estado de peligro en el que estamos inmersos todos los ciudadanos veracruxanos.<\/p>\n<p>Esto no es que lo diga yo, sencillamente solo basta escuchar los \u00faltimos reportes del covid 19 que por muchos medios de comunicaci\u00f3n se dan a conocer diariamente.<\/p>\n<p>Asimismo aclar\u00f3 que no\u00a0 es que est\u00e9 mal ayudar, regalar compartir o coadyuvar con acciones de abasto, salud y hasta de donaci\u00f3n de juguetes a quienes m\u00e1s lo necesiten,lo que no esta bien es que se pretenda lucrar con la necesidad de forma irresponsable en estos tiempos de alto contagio del covid y todav\u00eda peor con sesgos electorales por parte de partidos pol\u00edticos y futuros candidatos disfrazados de altruista en medio de la pandemia m\u00e1s peligrosa\u00a0 de los \u00faltimos tiempos solo por ambici\u00f3n electoral.<\/p>\n<p>Carmona Oliveros\u00a0 sostuvo que no se vale que las autoridades que tenga relaci\u00f3n con el tema no se pronuncien en contra de estos actos temerarios para que estos personajes sin entra\u00f1as dejen de realizarlos solo por sus calenturas pol\u00edticas.<\/p>\n","protected":false},"excerpt":{"rendered":"<p>\u00b0Lamentablemente la pandemia se encuentra a su m\u00e1ximo esplendor ya que sigue cobrando mas vidas y contagiando a m\u00e1s gente.<\/p>\n","protected":false},"author":2,"featured_media":27444,"comment_status":"open","ping_status":"open","sticky":false,"template":"","format":"standard","meta":{"colormag_page_container_layout":"default_layout","colormag_page_sidebar_layout":"default_layout","footnotes":""},"categories":[1],"tags":[],"class_list":["post-27442","post","type-post","status-publish","format-standard","has-post-thumbnail","hentry","category-sin-categoria"],"_links":{"self":[{"href":"http:\/\/vocesver.com\/noticias\/wp-json\/wp\/v2\/posts\/27442","targetHints":{"allow":["GET"]}}],"collection":[{"href":"http:\/\/vocesver.com\/noticias\/wp-json\/wp\/v2\/posts"}],"about":[{"href":"http:\/\/vocesver.com\/noticias\/wp-json\/wp\/v2\/types\/post"}],"author":[{"embeddable":true,"href":"http:\/\/vocesver.com\/noticias\/wp-json\/wp\/v2\/users\/2"}],"replies":[{"embeddable":true,"href":"http:\/\/vocesver.com\/noticias\/wp-json\/wp\/v2\/comments?post=27442"}],"version-history":[{"count":3,"href":"http:\/\/vocesver.com\/noticias\/wp-json\/wp\/v2\/posts\/27442\/revisions"}],"predecessor-version":[{"id":27446,"href":"http:\/\/vocesver.com\/noticias\/wp-json\/wp\/v2\/posts\/27442\/revisions\/27446"}],"wp:featuredmedia":[{"embeddable":true,"href":"http:\/\/vocesver.com\/noticias\/wp-json\/wp\/v2\/media\/27444"}],"wp:attachment":[{"href":"http:\/\/vocesver.com\/noticias\/wp-json\/wp\/v2\/media?parent=27442"}],"wp:term":[{"taxonomy":"category","embeddable":true,"href":"http:\/\/vocesver.com\/noticias\/wp-json\/wp\/v2\/categories?post=27442"},{"taxonomy":"post_tag","embeddable":true,"href":"http:\/\/vocesver.com\/noticias\/wp-json\/wp\/v2\/tags?post=27442"}],"curies":[{"name":"wp","href":"https:\/\/api.w.org\/{rel}","templated":true}]}}