{"id":27437,"date":"2021-01-06T17:06:17","date_gmt":"2021-01-06T17:06:17","guid":{"rendered":"http:\/\/vocesver.com\/noticias\/?p=27437"},"modified":"2021-01-06T17:10:43","modified_gmt":"2021-01-06T17:10:43","slug":"con-ofrenda-floral-y-guardia-de-honor-campesinos-conmemoran-un-aniversario-mas-de-la-ley-agraria-en-el-puerto-de-veracruz","status":"publish","type":"post","link":"http:\/\/vocesver.com\/noticias\/con-ofrenda-floral-y-guardia-de-honor-campesinos-conmemoran-un-aniversario-mas-de-la-ley-agraria-en-el-puerto-de-veracruz\/","title":{"rendered":"CON OFRENDA FLORAL Y GUARDIA DE HONOR CAMPESINOS CONMEMORAN UN ANIVERSARIO M\u00c1S DE LA LEY AGRARIA EN EL PUERTO DE VERACRUZ&#8230;."},"content":{"rendered":"<p>\u00b0La pandemia del covid-19\u00a0 impidi\u00f3 las grandes concentraciones campiranas.<\/p>\n<p>\u00b0Presentes solo unos cu\u00e1ntos lideres agrarios en la celebraci\u00f3n del puerto de Veracruz.<\/p>\n<p>\u00b0El campo mexicano sigue sumergido en el abandono, prevalecen\u00a0 las promesas incumplidas.<\/p>\n<p>REDACCI\u00d3N\/VOCESVER.COM\/NOTICIAS<\/p>\n<p>Veracruz, Ver. a 6 de Enero 2021.- A diferencia de las grandes concentraciones de campesinos que se daban en otros a\u00f1os para conmemora un aniversario m\u00e1s de la Promulgaci\u00f3n de la Ley Agraria de 1915,\u00e9sta vez solo se realiz\u00f3 una peque\u00f1a ceremonia para depositar una ofrenda floral y montar guardia de honor frente al monumento de Don Venustiano Carranza en el puerto de Veracruz. Presente el l\u00edder nacional de la CNC Ismael Hern\u00e1ndez Deras\u00a0 y Luis G\u00f3mez Garay dirigente nacional de la UGOCP. La ausencia de las grandes concentraciones campiranas se debi\u00f3 a la pandemia del Covid_19.\u00a0 Eso s\u00ed ambos l\u00edderes manifestar\u00f3n una vez m\u00e1s que el campo mexicano sigue sumergido en el abandono, gobiernos van y vienen y los campesinos siguen esperando que la revoluci\u00f3n les haga justicia. Foto ALEJANDRO MURRIETA&#8230;.<\/p>\n","protected":false},"excerpt":{"rendered":"<p>\u00b0La pandemia del covid-19\u00a0 impidi\u00f3 las grandes concentraciones campiranas. \u00b0Presentes solo unos cu\u00e1ntos lideres agrarios en la celebraci\u00f3n del puerto<\/p>\n","protected":false},"author":2,"featured_media":27439,"comment_status":"open","ping_status":"open","sticky":false,"template":"","format":"standard","meta":{"colormag_page_container_layout":"default_layout","colormag_page_sidebar_layout":"default_layout","footnotes":""},"categories":[2],"tags":[],"class_list":["post-27437","post","type-post","status-publish","format-standard","has-post-thumbnail","hentry","category-infogral"],"_links":{"self":[{"href":"http:\/\/vocesver.com\/noticias\/wp-json\/wp\/v2\/posts\/27437","targetHints":{"allow":["GET"]}}],"collection":[{"href":"http:\/\/vocesver.com\/noticias\/wp-json\/wp\/v2\/posts"}],"about":[{"href":"http:\/\/vocesver.com\/noticias\/wp-json\/wp\/v2\/types\/post"}],"author":[{"embeddable":true,"href":"http:\/\/vocesver.com\/noticias\/wp-json\/wp\/v2\/users\/2"}],"replies":[{"embeddable":true,"href":"http:\/\/vocesver.com\/noticias\/wp-json\/wp\/v2\/comments?post=27437"}],"version-history":[{"count":3,"href":"http:\/\/vocesver.com\/noticias\/wp-json\/wp\/v2\/posts\/27437\/revisions"}],"predecessor-version":[{"id":27441,"href":"http:\/\/vocesver.com\/noticias\/wp-json\/wp\/v2\/posts\/27437\/revisions\/27441"}],"wp:featuredmedia":[{"embeddable":true,"href":"http:\/\/vocesver.com\/noticias\/wp-json\/wp\/v2\/media\/27439"}],"wp:attachment":[{"href":"http:\/\/vocesver.com\/noticias\/wp-json\/wp\/v2\/media?parent=27437"}],"wp:term":[{"taxonomy":"category","embeddable":true,"href":"http:\/\/vocesver.com\/noticias\/wp-json\/wp\/v2\/categories?post=27437"},{"taxonomy":"post_tag","embeddable":true,"href":"http:\/\/vocesver.com\/noticias\/wp-json\/wp\/v2\/tags?post=27437"}],"curies":[{"name":"wp","href":"https:\/\/api.w.org\/{rel}","templated":true}]}}