{"id":27434,"date":"2021-01-06T16:32:45","date_gmt":"2021-01-06T16:32:45","guid":{"rendered":"http:\/\/vocesver.com\/noticias\/?p=27434"},"modified":"2021-01-06T16:34:16","modified_gmt":"2021-01-06T16:34:16","slug":"beneficiara-cejav-a-mas-de-31-mil-veracruzanos-este-ano","status":"publish","type":"post","link":"http:\/\/vocesver.com\/noticias\/beneficiara-cejav-a-mas-de-31-mil-veracruzanos-este-ano\/","title":{"rendered":"BENEFICIAR\u00c1 CEJAV A M\u00c1S DE 31 MIL VERACRUZANOS ESTE A\u00d1O."},"content":{"rendered":"<p>REDACCI\u00d3N\/VOCESVER.COM\/NOTICIAS<\/p>\n<p>Xalapa, Ver., martes 6 de enero de 2021.- Con el prop\u00f3sito de ampliar la cobertura del servicio de Justicia Alternativa a favor de m\u00e1s veracruzanos, se realiz\u00f3 la Sesi\u00f3n del \u00d3rgano de Gobierno para aprobar el presupuesto y el Programa Operativo Anual para el 2021.<\/p>\n<p>Con la presencia de la Magistrada Presidenta del Tribunal Superior de Justicia y del Consejo de la Judicatura del Poder Judicial del Estado de Veracruz, Isabel In\u00e9s Romero Cruz, se realiz\u00f3 la reuni\u00f3n presidida por el Gobernador Cuitl\u00e1huac Garc\u00eda Jim\u00e9nez.<\/p>\n<p>Durante el encuentro se definieron las acciones para lograr la meta de atender el mayor n\u00famero de convenios, que sean signados y que alcancen la etapa de ejecuci\u00f3n, destac\u00f3 Fernando Valerio Guti\u00e9rrez, Director General del Centro Estatal de Justicia Alternativa del Estado de Veracruz (CEJAV).<\/p>\n<p>En el mismo orden de ideas, Fernando Valerio Guti\u00e9rrez explic\u00f3 que al lograr acuerdos directos entre las partes involucradas en un proceso legal, evitan su ejecuci\u00f3n en una etapa jurisdiccional y aligeran la carga a los Juzgados de Primera Instancia en materia Civil, Mercantil y Penal mediante acuerdos reparatorios.<\/p>\n<p>\u00abSe van a eficientar los recursos para el servicio p\u00fablico este a\u00f1o, alineados con la pol\u00edtica de austeridad implementada por el gobernador Cuitl\u00e1huac Garc\u00eda Jim\u00e9nez\u00bb, indic\u00f3 Valerio Guti\u00e9rrez.<\/p>\n<p>Lo presupuestado este periodo servir\u00e1 para atender a m\u00e1s de 31 mil personas a trav\u00e9s de m\u00e1s de 7 mil convenios.<\/p>\n<p>Asimismo, se ampliar\u00e1n las Jornadas Itinerantes, con Unidades de atenci\u00f3n en Justicia Alternativa en comunidades ind\u00edgenas, adem\u00e1s de cobertura a personas vulnerables.<\/p>\n<p>Resalt\u00f3 que la prioridad del CEJAV ser\u00e1 atender a los que m\u00e1s lo necesitan con base en una pol\u00edtica de austeridad.<\/p>\n<p>\u00abOptimizaremos los recursos para beneficiar a la poblaci\u00f3n en la impartici\u00f3n de justicia alternativa\u00bb, finaliz\u00f3.<\/p>\n<p>&nbsp;<\/p>\n","protected":false},"excerpt":{"rendered":"<p>REDACCI\u00d3N\/VOCESVER.COM\/NOTICIAS Xalapa, Ver., martes 6 de enero de 2021.- Con el prop\u00f3sito de ampliar la cobertura del servicio de Justicia<\/p>\n","protected":false},"author":2,"featured_media":27436,"comment_status":"open","ping_status":"open","sticky":false,"template":"","format":"standard","meta":{"colormag_page_container_layout":"default_layout","colormag_page_sidebar_layout":"default_layout","footnotes":""},"categories":[2],"tags":[],"class_list":["post-27434","post","type-post","status-publish","format-standard","has-post-thumbnail","hentry","category-infogral"],"_links":{"self":[{"href":"http:\/\/vocesver.com\/noticias\/wp-json\/wp\/v2\/posts\/27434","targetHints":{"allow":["GET"]}}],"collection":[{"href":"http:\/\/vocesver.com\/noticias\/wp-json\/wp\/v2\/posts"}],"about":[{"href":"http:\/\/vocesver.com\/noticias\/wp-json\/wp\/v2\/types\/post"}],"author":[{"embeddable":true,"href":"http:\/\/vocesver.com\/noticias\/wp-json\/wp\/v2\/users\/2"}],"replies":[{"embeddable":true,"href":"http:\/\/vocesver.com\/noticias\/wp-json\/wp\/v2\/comments?post=27434"}],"version-history":[{"count":1,"href":"http:\/\/vocesver.com\/noticias\/wp-json\/wp\/v2\/posts\/27434\/revisions"}],"predecessor-version":[{"id":27435,"href":"http:\/\/vocesver.com\/noticias\/wp-json\/wp\/v2\/posts\/27434\/revisions\/27435"}],"wp:featuredmedia":[{"embeddable":true,"href":"http:\/\/vocesver.com\/noticias\/wp-json\/wp\/v2\/media\/27436"}],"wp:attachment":[{"href":"http:\/\/vocesver.com\/noticias\/wp-json\/wp\/v2\/media?parent=27434"}],"wp:term":[{"taxonomy":"category","embeddable":true,"href":"http:\/\/vocesver.com\/noticias\/wp-json\/wp\/v2\/categories?post=27434"},{"taxonomy":"post_tag","embeddable":true,"href":"http:\/\/vocesver.com\/noticias\/wp-json\/wp\/v2\/tags?post=27434"}],"curies":[{"name":"wp","href":"https:\/\/api.w.org\/{rel}","templated":true}]}}