{"id":27430,"date":"2021-01-06T16:26:14","date_gmt":"2021-01-06T16:26:14","guid":{"rendered":"http:\/\/vocesver.com\/noticias\/?p=27430"},"modified":"2021-01-06T16:28:03","modified_gmt":"2021-01-06T16:28:03","slug":"se-contrastaran-todos-los-perfiles-de-aspirantes-a-candidaturas-de-la-cnop-en-veracruzpara-abanderar-al-priasi-como-la-alianzamarlon-ramirez","status":"publish","type":"post","link":"http:\/\/vocesver.com\/noticias\/se-contrastaran-todos-los-perfiles-de-aspirantes-a-candidaturas-de-la-cnop-en-veracruzpara-abanderar-al-priasi-como-la-alianzamarlon-ramirez\/","title":{"rendered":"SE CONTRASTAR\u00c1N TODOS LOS PERFILES DE ASPIRANTES A CANDIDATURAS DE LA CNOP EN VERACRUZ,PARA ABANDERAR AL PRI,AS\u00cd COMO LA ALIANZA:MARLON RAM\u00cdREZ."},"content":{"rendered":"<p class=\"x_MsoNormal\" align=\"center\"><b>-Este partido est\u00e1 vivo por ustedes, y va a ganar la elecci\u00f3n por ustedes, dice el dirigente estatal del PRI, al recibir propuestas territoriales del sector.<\/b><\/p>\n<p class=\"x_MsoNormal\" align=\"center\"><b>-Los cenopistas celebramos las alianzas, queremos que le vaya bien al pa\u00eds, al estado y a los municipios: Adolfo Ram\u00edrez<\/b><\/p>\n<p class=\"x_MsoNormal\">AUSENCIO RIVERA\/VOCESVER.COM\/NOTICIAS<\/p>\n<p class=\"x_MsoNormal\"><b>Xalapa, Ver., 6 de enero de 2021.-<\/b>\u00a0Durante la primera reuni\u00f3n de trabajo para revisar las propuestas territoriales de la CNOP en Veracruz, el presidente del CDE del PRI en Veracruz, Marlon Ram\u00edrez Mar\u00edn, se comprometi\u00f3 a contrastar todos los perfiles de aspirantes a candidaturas de la CNOP, con el trabajo que se realiza al interior del partido y con los trabajos de la alianza con otras fuerzas pol\u00edticas; \u201ceste partido est\u00e1 vivo por ustedes, y va a ganar la elecci\u00f3n por ustedes\u201d, les expres\u00f3 al reiterarles que estar\u00e1n en permanente comunicaci\u00f3n.<\/p>\n<p class=\"x_MsoNormal\">Por su parte, el secretario general de este sector en la entidad, Adolfo Ram\u00edrez Arana, aplaudi\u00f3 la conformaci\u00f3n de la alianza a nivel nacional y los trabajos relativos en el estado con el PAN y el PRD, al afirmar que lo importante es que le vaya bien al pa\u00eds, al estado y a los municipios y generar un equilibrio en las fuerzas pol\u00edticas para que no haya m\u00e1s abusos; asimismo, reconoci\u00f3 el trabajo que la dirigencia del PRI est\u00e1 haciendo en todo el estado, el que se est\u00e1 multiplicando en la militancia y en la fuerza de sectores y organizaciones.<\/p>\n<p class=\"x_MsoNormal\">En su intervenci\u00f3n, y ante integrantes del Comit\u00e9 Directivo Estatal de la CNOP, el delegado del CEN del PRI en Veracruz, Jorge Meade Ocaraza, destac\u00f3 que el trabajo de an\u00e1lisis de perfiles que se hace es transparente y de frente; por ello, pidi\u00f3 que se privilegie siempre el di\u00e1logo.<\/p>\n","protected":false},"excerpt":{"rendered":"<p>-Este partido est\u00e1 vivo por ustedes, y va a ganar la elecci\u00f3n por ustedes, dice el dirigente estatal del PRI,<\/p>\n","protected":false},"author":2,"featured_media":27432,"comment_status":"open","ping_status":"open","sticky":false,"template":"","format":"standard","meta":{"colormag_page_container_layout":"default_layout","colormag_page_sidebar_layout":"default_layout","footnotes":""},"categories":[4],"tags":[],"class_list":["post-27430","post","type-post","status-publish","format-standard","has-post-thumbnail","hentry","category-estatal"],"_links":{"self":[{"href":"http:\/\/vocesver.com\/noticias\/wp-json\/wp\/v2\/posts\/27430","targetHints":{"allow":["GET"]}}],"collection":[{"href":"http:\/\/vocesver.com\/noticias\/wp-json\/wp\/v2\/posts"}],"about":[{"href":"http:\/\/vocesver.com\/noticias\/wp-json\/wp\/v2\/types\/post"}],"author":[{"embeddable":true,"href":"http:\/\/vocesver.com\/noticias\/wp-json\/wp\/v2\/users\/2"}],"replies":[{"embeddable":true,"href":"http:\/\/vocesver.com\/noticias\/wp-json\/wp\/v2\/comments?post=27430"}],"version-history":[{"count":2,"href":"http:\/\/vocesver.com\/noticias\/wp-json\/wp\/v2\/posts\/27430\/revisions"}],"predecessor-version":[{"id":27433,"href":"http:\/\/vocesver.com\/noticias\/wp-json\/wp\/v2\/posts\/27430\/revisions\/27433"}],"wp:featuredmedia":[{"embeddable":true,"href":"http:\/\/vocesver.com\/noticias\/wp-json\/wp\/v2\/media\/27432"}],"wp:attachment":[{"href":"http:\/\/vocesver.com\/noticias\/wp-json\/wp\/v2\/media?parent=27430"}],"wp:term":[{"taxonomy":"category","embeddable":true,"href":"http:\/\/vocesver.com\/noticias\/wp-json\/wp\/v2\/categories?post=27430"},{"taxonomy":"post_tag","embeddable":true,"href":"http:\/\/vocesver.com\/noticias\/wp-json\/wp\/v2\/tags?post=27430"}],"curies":[{"name":"wp","href":"https:\/\/api.w.org\/{rel}","templated":true}]}}