{"id":27426,"date":"2021-01-05T20:33:28","date_gmt":"2021-01-05T20:33:28","guid":{"rendered":"http:\/\/vocesver.com\/noticias\/?p=27426"},"modified":"2021-01-05T20:40:00","modified_gmt":"2021-01-05T20:40:00","slug":"despues-de-vacaciones-navidenasitalia-prolonga-restricciones-para-contener-covid-19","status":"publish","type":"post","link":"http:\/\/vocesver.com\/noticias\/despues-de-vacaciones-navidenasitalia-prolonga-restricciones-para-contener-covid-19\/","title":{"rendered":"DESPU\u00c9S DE VACACIONES NAVIDE\u00d1AS,ITALIA PROLONGA RESTRICCIONES PARA CONTENER COVID-19."},"content":{"rendered":"<p>Para la ONG, la mayor\u00eda de los estudiantes no cuentan con buenos equipos ni con el espacio adecuado para trabajar en la casa. | Foto: AFP<\/p>\n<p>REDACCI\u00d3N\/VOCESVER.COM\/NOTICIAS<\/p>\n<p><a href=\"https:\/\/www.unotv.com\/internacional\/por-covid-19-italia-tendra-una-navidad-con-confinamiento-mas-estricto\/\" target=\"_blank\" rel=\"noreferrer noopener\" aria-label=\"undefined (abre en una nueva pesta\u00f1a)\">INTERNACIONAL.- A 5\u00a0 de Enero\u00a0 2021.- De acuerdo con informaci\u00f3n de AGENCIAS\/ITALIA\/AFP&#8230;..Despu\u00e9s de las vacaciones navide\u00f1as,\u00a0<strong>Italia decidi\u00f3 retrasar la reapertura de las escuelas secundarias<\/strong>, como\u00a0<strong>parte de las restricciones para contener la propagaci\u00f3n del COVID-19<\/strong><\/a>, una medida que preocupa debido al aumento del abandono escolar tras meses de ense\u00f1anza a distancia.<\/p>\n<h2>Cu\u00e1ndo ser\u00e1 el regreso a clases en Italia?<\/h2>\n<p>El\u00a0<strong>regreso presencial a la escuela secundaria iniciar\u00e1 el 11 de enero y no el 7 de enero como lo programado inicialmente.\u00a0<\/strong><\/p>\n<p>Los\u00a0<strong>estudiantes m\u00e1s j\u00f3venes regresar\u00e1n a la escuela el d\u00eda 7<\/strong>, pero solo el 50%, seg\u00fan el decreto adoptado por el Consejo de Ministros en la madrugada del martes.<\/p>\n<p>Se trata de una decisi\u00f3n de car\u00e1cter nacional,\u00a0<strong>debido a que varias regiones de Italia ya hab\u00edan decidido posponer el inicio del a\u00f1o escolar\u00a0<\/strong>hasta finales de enero debido al\u00a0<strong>elevado contagio de COVID-19.<\/strong><\/p>\n<p>Los estudiantes han tenido solamente unos pocos meses de lecciones presenciales en 2020 debido al confinamiento impuesto en marzo y<strong>\u00a0las nuevas restricciones adoptadas en octubre para hacer frente a la segunda ola de COVID-19<\/strong>\u00a0<strong>en Italia.<\/strong><\/p>\n<h2>\u00bfC\u00f3mo ha impactado la pandemia al sector educativo en Italia?<\/h2>\n<p><a href=\"https:\/\/www.unotv.com\/internacional\/italia-multan-con-mas-de-mil-dolares-por-no-llevar-cubrebocas\/\" target=\"_blank\" rel=\"noreferrer noopener\" aria-label=\"undefined (abre en una nueva pesta\u00f1a)\"><strong>Italia<\/strong>, el primer pa\u00eds europeo afectado por la pandemia de COVID-19<\/a>,\u00a0<strong>ha registrado m\u00e1s de 75 mil muertes.<\/strong><\/p>\n<p>La ONG Save the Children advirti\u00f3 en un comunicado este martes sobre el impacto que esas medidas tienen para los adolescentes.<\/p>\n<p>Seg\u00fan un estudio,\u00a0<strong>el 28% de los estudiantes sostiene que al menos un compa\u00f1ero de clase ha abandonado las lecciones<\/strong>, lo que implicar\u00eda un aumento notable de la mortalidad escolar.<\/p>\n<p>Seg\u00fan la encuesta, para mil adolescentes de 14 a 18 a\u00f1os, las principales razones del abandono escolar, son la dificultad para conectarse en l\u00ednea y la falta de concentraci\u00f3n.<\/p>\n<p>El 37% de los estudiantes entrevistados sostiene que su capacidad de estudio se ha visto afectada negativamente\u00a0<strong><a href=\"https:\/\/www.unotv.com\/opinion\/carlos-elizondo-mayer-serra\/china-manejo-muy-bien-la-pandemia-por-covid-19\/\" target=\"_blank\" rel=\"noreferrer noopener\" aria-label=\"undefined (abre en una nueva pesta\u00f1a)\">debido a la pandemia de COVID-19.<\/a><\/strong><\/p>\n<p>Para la ONG, la mayor\u00eda de los estudiantes no cuentan con buenos equipos ni con el espacio adecuado para trabajar en la casa.<\/p>\n<p>\u201cSe corre el riesgo de que las largas ausencias escolares se transforme en abandono permanente y que muchos adolescentes, en un contexto de grave crisis econ\u00f3mica, acaben engrosando las filas de los trabajadores explotados\u201d,\u00a0<strong>advirti\u00f3 Raffaela Milano, director de la ONG para Italia y Europa, en un comunicado de prensa.\u00a0<\/strong><\/p>\n<figure class=\"wp-block-image size-large\"><img decoding=\"async\" class=\"i-amphtml-fill-content i-amphtml-replaced-content\" src=\"https:\/\/www.unotv.com\/uploads\/2021\/01\/clases-italia.jpg\" alt=\"Italia COVID-19 \" \/><\/figure>\n<figure class=\"wp-block-image size-large\">Italia, el primer pa\u00eds europeo afectado por la pandemia, ha registrado m\u00e1s de 75.000 muertes. | Foto: AFP<\/figure>\n<h2>Otras reestricciones<\/h2>\n<p>En el nuevo decreto,\u00a0<strong>el gobierno de Italia tambi\u00e9n prolong\u00f3 la prohibici\u00f3n de circular entre las distintas regiones hasta el 15 de enero<\/strong>\u00a0y confirm\u00f3 que los bares, cafeter\u00edas y restaurantes permanecer\u00e1n cerrados el 9 y 10 de enero.<\/p>\n<p>Toda la pen\u00ednsula fue clasificada como zona \u201croja\u201d, es decir de alto riesgo de contagio, durante las celebraciones de fin de a\u00f1o, que se concluyen el 6 de enero con la fiesta de la Epifan\u00eda, festivo en\u00a0<strong>Italia<\/strong>.<\/p>\n<p>&nbsp;<\/p>\n<p>INF. DE AGENCIAS\/ITALIA\/AFP&#8230;&#8230;.<\/p>\n","protected":false},"excerpt":{"rendered":"<p>Para la ONG, la mayor\u00eda de los estudiantes no cuentan con buenos equipos ni con el espacio adecuado para trabajar<\/p>\n","protected":false},"author":2,"featured_media":27427,"comment_status":"open","ping_status":"open","sticky":false,"template":"","format":"standard","meta":{"colormag_page_container_layout":"default_layout","colormag_page_sidebar_layout":"default_layout","footnotes":""},"categories":[6],"tags":[],"class_list":["post-27426","post","type-post","status-publish","format-standard","has-post-thumbnail","hentry","category-internacional"],"_links":{"self":[{"href":"http:\/\/vocesver.com\/noticias\/wp-json\/wp\/v2\/posts\/27426","targetHints":{"allow":["GET"]}}],"collection":[{"href":"http:\/\/vocesver.com\/noticias\/wp-json\/wp\/v2\/posts"}],"about":[{"href":"http:\/\/vocesver.com\/noticias\/wp-json\/wp\/v2\/types\/post"}],"author":[{"embeddable":true,"href":"http:\/\/vocesver.com\/noticias\/wp-json\/wp\/v2\/users\/2"}],"replies":[{"embeddable":true,"href":"http:\/\/vocesver.com\/noticias\/wp-json\/wp\/v2\/comments?post=27426"}],"version-history":[{"count":2,"href":"http:\/\/vocesver.com\/noticias\/wp-json\/wp\/v2\/posts\/27426\/revisions"}],"predecessor-version":[{"id":27429,"href":"http:\/\/vocesver.com\/noticias\/wp-json\/wp\/v2\/posts\/27426\/revisions\/27429"}],"wp:featuredmedia":[{"embeddable":true,"href":"http:\/\/vocesver.com\/noticias\/wp-json\/wp\/v2\/media\/27427"}],"wp:attachment":[{"href":"http:\/\/vocesver.com\/noticias\/wp-json\/wp\/v2\/media?parent=27426"}],"wp:term":[{"taxonomy":"category","embeddable":true,"href":"http:\/\/vocesver.com\/noticias\/wp-json\/wp\/v2\/categories?post=27426"},{"taxonomy":"post_tag","embeddable":true,"href":"http:\/\/vocesver.com\/noticias\/wp-json\/wp\/v2\/tags?post=27426"}],"curies":[{"name":"wp","href":"https:\/\/api.w.org\/{rel}","templated":true}]}}