{"id":27421,"date":"2021-01-05T20:23:10","date_gmt":"2021-01-05T20:23:10","guid":{"rendered":"http:\/\/vocesver.com\/noticias\/?p=27421"},"modified":"2021-01-05T20:25:45","modified_gmt":"2021-01-05T20:25:45","slug":"pese-a-semaforo-rojo-en-cdmx-reyes-magossalen-a-buscar-juguetes","status":"publish","type":"post","link":"http:\/\/vocesver.com\/noticias\/pese-a-semaforo-rojo-en-cdmx-reyes-magossalen-a-buscar-juguetes\/","title":{"rendered":"PESE A SEM\u00c1FORO ROJO EN CDMX, \u00abREYES MAGOS\u00bbSALEN A BUSCAR JUGUETES."},"content":{"rendered":"<p>Esta semana la CDMX contin\u00faa en sem\u00e1foro rojo, pero cientos de capitalinos no han hecho caso. Foto: Cuartoscuro<\/p>\n<p>REDACCI\u00d3MN\/VOCESVER.COM\/NOTICIAS<\/p>\n<p>NACIONAL,.(CIUDAD DE M\u00c9XICO),. De a cuerdo con informaci\u00f3n de UNOTV\/M\u00c9XICO&#8230;.Los regalos del\u00a0<a href=\"https:\/\/www.unotv.com\/reportajes-especiales\/dia-de-reyes-2021-juguetes-de-madera-entre-el-olvido-y-el-covid\/\">D\u00eda de Reyes<\/a>\u00a0han causado que en la\u00a0<strong>Ciudad de M\u00e9xico (CDMX) cientos de capitalinos hagan caso omiso a las indicaciones de quedarse en casa y mantener sana distancia<\/strong>\u00a0durante las salidas a la calle, para evitar\u00a0<strong>contagios del coronavirus COVID-19.<\/strong><\/p>\n<p>Fue el pasado 18 de diciembre que se anunci\u00f3 que la<strong>\u00a0Zona Metropolitana del Valle de M\u00e9xico (CDMX y Estado de M\u00e9xico)\u00a0<\/strong>entrar\u00edan a sem\u00e1foro rojo a causa del aumento en las\u00a0<a href=\"https:\/\/www.unotv.com\/estados\/ciudad-de-mexico\/hospitales-en-cdmx-se-encuentran-a-tope-advierten\/\">hospitalizacio<\/a><a href=\"https:\/\/www.unotv.com\/estados\/ciudad-de-mexico\/hospitales-en-cdmx-se-encuentran-a-tope-advierten\/\" target=\"_blank\" rel=\"noreferrer noopener\" aria-label=\"undefined (abre en una nueva pesta\u00f1a)\">nes y contagios de COVID-19<\/a>\u00a0en ambos territorios.<\/p>\n<p><a href=\"https:\/\/www.unotv.com\/nacional\/cdmx-y-edomex-anuncian-cierre-de-estas-actividades-por-covid\/\" target=\"_blank\" rel=\"noreferrer noopener\" aria-label=\"undefined (abre en una nueva pesta\u00f1a)\">La medida entr\u00f3 en vigor al d\u00eda siguiente 19 de diciembre\u00a0<\/a><a href=\"https:\/\/www.unotv.com\/nacional\/cdmx-y-edomex-anuncian-cierre-de-estas-actividades-por-covid\/\" target=\"_blank\" rel=\"noreferrer noopener\" aria-label=\"undefined (abre en una nueva pesta\u00f1a)\">y<\/a><a href=\"https:\/\/www.unotv.com\/nacional\/cdmx-y-edomex-anuncian-cierre-de-estas-actividades-por-covid\/\" target=\"_blank\" rel=\"noreferrer noopener\" aria-label=\"undefined (abre en una nueva pesta\u00f1a)\">\u00a0se mantendr\u00e1 hasta el pr\u00f3ximo domingo 10 de enero<\/a>, sin que las autoridades anunciaran un aument\u00f3 o disminuci\u00f3n de este periodo.<\/p>\n<blockquote class=\"wp-block-quote\"><p>\u201cHemos estado trabajando con la ciudadan\u00eda en los \u00faltimos meses, a\u00fan con todo este esfuerzo de la ciudadan\u00eda y del gobierno, han seguido aumentando los contagios y hospitalizaciones. La Ciudad de M\u00e9xico est\u00e1 hoy al 75% de ocupaci\u00f3n hospitalaria\u201d.<\/p>\n<p><cite>Se\u00f1al\u00f3 entonces Claudia Sheinbaum, jefa de Gobierno de la CDMX.<\/cite><\/p><\/blockquote>\n<p>Pese a esta medida implementada en pro de la salud y seguridad de los ciudadanos, durante los \u00faltimos d\u00edas varias calles de la parte comercial al mayoreo del\u00a0<a href=\"http:\/\/unotv.com\/\">Centro Hist\u00f3rico<\/a>\u00a0han lucido llenas y es que durante la noche de este martes y la madrugada de ma\u00f1ana mi\u00e9rcoles 6 de enero los tres Reyes Magos llegar\u00e1n a las casas de los ni\u00f1os y ni\u00f1as.<\/p>\n<p>Decenas de capitalinos acuden al Centro Hist\u00f3rico y Tepito para adquirir los regalos de Reyes Magos para los ni\u00f1os. Pes\u00e9 a operativos y calles principales cerradas los visitantes no siguen las medidas de sana distancia o quedarse en casa y el riesgo de contraer el virus SARS-CoV-2 causante de COVID-19 se aumenta para quienes salen a la calle, como para los familiares que viven con ellos.<\/p>\n<figure class=\"wp-block-gallery columns-3 is-cropped\">\n<ul class=\"blocks-gallery-grid\">\n<li class=\"blocks-gallery-item\">\n<figure><img decoding=\"async\" class=\"i-amphtml-fill-content i-amphtml-replaced-content\" src=\"https:\/\/www.unotv.com\/uploads\/2021\/01\/martes-05-de-enero-4.jpg\" alt=\"\" data-id=\"176981\" data-full-url=\"https:\/\/www.unotv.com\/uploads\/2021\/01\/martes-05-de-enero-4.jpg\" data-link=\"https:\/\/www.unotv.com\/?attachment_id=176981\" \/><img decoding=\"async\" class=\"i-amphtml-fill-content i-amphtml-replaced-content\" src=\"https:\/\/www.unotv.com\/uploads\/2021\/01\/martes-05-de-enero-lala.jpg\" alt=\"\" data-id=\"176983\" data-full-url=\"https:\/\/www.unotv.com\/uploads\/2021\/01\/martes-05-de-enero-lala.jpg\" data-link=\"https:\/\/www.unotv.com\/?attachment_id=176983\" \/><\/figure>\n<\/li>\n<li class=\"blocks-gallery-item\">\n<figure><img decoding=\"async\" class=\"i-amphtml-fill-content i-amphtml-replaced-content\" src=\"https:\/\/www.unotv.com\/uploads\/2021\/01\/martes-05-de-enero-2.jpg\" alt=\"\" data-id=\"176984\" data-full-url=\"https:\/\/www.unotv.com\/uploads\/2021\/01\/martes-05-de-enero-2.jpg\" data-link=\"https:\/\/www.unotv.com\/?attachment_id=176984\" \/><\/figure>\n<\/li>\n<li class=\"blocks-gallery-item\">\n<figure>INF. DE UNOTV\/M\u00c9XICO&#8230;..<\/figure>\n<\/li>\n<\/ul>\n<\/figure>\n","protected":false},"excerpt":{"rendered":"<p>Esta semana la CDMX contin\u00faa en sem\u00e1foro rojo, pero cientos de capitalinos no han hecho caso. Foto: Cuartoscuro REDACCI\u00d3MN\/VOCESVER.COM\/NOTICIAS NACIONAL,.(CIUDAD<\/p>\n","protected":false},"author":2,"featured_media":27422,"comment_status":"open","ping_status":"open","sticky":false,"template":"","format":"standard","meta":{"colormag_page_container_layout":"default_layout","colormag_page_sidebar_layout":"default_layout","footnotes":""},"categories":[5],"tags":[],"class_list":["post-27421","post","type-post","status-publish","format-standard","has-post-thumbnail","hentry","category-nacional"],"_links":{"self":[{"href":"http:\/\/vocesver.com\/noticias\/wp-json\/wp\/v2\/posts\/27421","targetHints":{"allow":["GET"]}}],"collection":[{"href":"http:\/\/vocesver.com\/noticias\/wp-json\/wp\/v2\/posts"}],"about":[{"href":"http:\/\/vocesver.com\/noticias\/wp-json\/wp\/v2\/types\/post"}],"author":[{"embeddable":true,"href":"http:\/\/vocesver.com\/noticias\/wp-json\/wp\/v2\/users\/2"}],"replies":[{"embeddable":true,"href":"http:\/\/vocesver.com\/noticias\/wp-json\/wp\/v2\/comments?post=27421"}],"version-history":[{"count":3,"href":"http:\/\/vocesver.com\/noticias\/wp-json\/wp\/v2\/posts\/27421\/revisions"}],"predecessor-version":[{"id":27425,"href":"http:\/\/vocesver.com\/noticias\/wp-json\/wp\/v2\/posts\/27421\/revisions\/27425"}],"wp:featuredmedia":[{"embeddable":true,"href":"http:\/\/vocesver.com\/noticias\/wp-json\/wp\/v2\/media\/27422"}],"wp:attachment":[{"href":"http:\/\/vocesver.com\/noticias\/wp-json\/wp\/v2\/media?parent=27421"}],"wp:term":[{"taxonomy":"category","embeddable":true,"href":"http:\/\/vocesver.com\/noticias\/wp-json\/wp\/v2\/categories?post=27421"},{"taxonomy":"post_tag","embeddable":true,"href":"http:\/\/vocesver.com\/noticias\/wp-json\/wp\/v2\/tags?post=27421"}],"curies":[{"name":"wp","href":"https:\/\/api.w.org\/{rel}","templated":true}]}}