{"id":27415,"date":"2021-01-05T19:59:40","date_gmt":"2021-01-05T19:59:40","guid":{"rendered":"http:\/\/vocesver.com\/noticias\/?p=27415"},"modified":"2021-01-05T20:05:50","modified_gmt":"2021-01-05T20:05:50","slug":"pri-veracruz-publicara-el-20-de-enerotentativamentelas-convocatorias-para-aspirante-a-candidaturas-a-presidencias-municipales-y-diputaciones-locales","status":"publish","type":"post","link":"http:\/\/vocesver.com\/noticias\/pri-veracruz-publicara-el-20-de-enerotentativamentelas-convocatorias-para-aspirante-a-candidaturas-a-presidencias-municipales-y-diputaciones-locales\/","title":{"rendered":"PRI VERACRUZ PUBLICAR\u00c1 EL 20 DE ENERO,TENTATIVAMENTE,LAS CONVOCATORIAS PARA ASPIRANTES A CANDIDATURAS A PRESIDENCIAS MUNICIPALES Y DIPUTACIONES LOCALES."},"content":{"rendered":"<p>&nbsp;<\/p>\n<div class=\"x_gmail_quote\">\n<div dir=\"ltr\">\n<p class=\"x_MsoNormal\" align=\"center\"><b>-Los prerregistros se estar\u00edan llevando a cabo ante los \u00f3rganos auxiliares de la Comisi\u00f3n Estatal de Procesos Internos los d\u00edas 30 y 31 de enero.<\/b><\/p>\n<p class=\"x_MsoNormal\" align=\"center\"><b>-Mientras se avanza con la alianza, los procesos en el PRI deben continuar: Ra\u00fal Ramos Vicarte.<\/b><\/p>\n<p align=\"center\">REDACCI\u00d3N\/VOCESVER.COM\/NOTICIAS<\/p>\n<p class=\"x_MsoNormal\"><b>Xalapa, Ver., 5 de enero de 2021.\u00a0<\/b>El 20 de enero, es la fecha tentativa en que se publicar\u00e1n las convocatorias para los procesos internos de elecci\u00f3n y postulaci\u00f3n de candidaturas a diputaciones locales, y de candidaturas a las presidencias municipales del Partido Revolucionario Institucional en Veracruz, indic\u00f3, Ra\u00fal Ramos Vicarte, presidente de la Comisi\u00f3n Estatal de Procesos Internos.<\/p>\n<p class=\"x_MsoNormal\">Refiri\u00f3 que ya se est\u00e1n emitiendo las convocatorias a nivel nacional para el registro de precandidatos a las diputaciones federales en los 300 distritos electorales y gobernadores en las entidades federativas, \u201cy tomando en cuenta las pl\u00e1ticas que el presidente del CDE del PRI en Veracruz, Marlon Ram\u00edrez Mar\u00edn, est\u00e1 llevando a cabo con otras fuerzas pol\u00edticas para cerrar el convenio de coalici\u00f3n, en el PRI, el proceso interno para aspirantes a candidatos a presidentes municipales, y diputados locales, debe continuar.\u201d<\/p>\n<p class=\"x_MsoNormal\">\u201cSe espera que el pr\u00f3ximo 20 de enero, pueda efectuarse la publicaci\u00f3n de la convocatoria correspondiente para aspirantes a candidatas y candidatos a presidentes municipales propietarios, cuyo prerregistro ser\u00eda muy posiblemente el d\u00eda 31 de enero; el mismo 20 de enero, se publicar\u00eda la convocatoria para aspirantes a candidatos a la diputaci\u00f3n local, y los prerregistros tendr\u00edan lugar el d\u00eda 30 de enero, todo con fechas a confirmar en breve\u201d, comparti\u00f3 en entrevista.<\/p>\n<p class=\"x_MsoNormal\">Ra\u00fal Ramos Vicarte, detall\u00f3 que los prerregistros estar\u00e1n a cargo de los \u00f3rganos auxiliares de la Comisi\u00f3n Estatal de Procesos Internos en sedes por definir en todo el estado de Veracruz.<\/p>\n<p class=\"x_MsoNormal\">De igual forma, indic\u00f3 que se espera que en los primeros 15 d\u00edas del mes de febrero, se publique un calendario en el que ya se trabaja, en coordinaci\u00f3n con la mesa de la Secretar\u00eda de Alianzas Estrat\u00e9gicas y la presidencia del CDE, que est\u00e1n negociando la alianza con el Partido Acci\u00f3n Nacional y el Partido de la Revoluci\u00f3n Democr\u00e1tica en Veracruz.<\/p>\n<p class=\"x_MsoNormal\">Asimismo, se tiene contemplado que entre el 1 y 10 de marzo, tenga lugar la expedici\u00f3n de constancias de validez de candidaturas, y posteriormente se realizar\u00eda el acto protocolario de toma de protesta de candidatos por parte del Comit\u00e9 Ejecutivo Nacional y del Comit\u00e9 Directivo Estatal.<\/p>\n<p class=\"x_MsoNormal\">\u201cEn los pr\u00f3ximos d\u00edas, daremos a conocer los nombres de los distritos y municipios a los que les corresponde registrarse en el Partido Revolucionario Institucional, en el caso de ser postulados por el PRI para encabezar la alianza, de acuerdo a los t\u00e9rminos que se fijen en el convenio de coalici\u00f3n\u201d, concluy\u00f3.<\/p>\n<\/div>\n<\/div>\n<p>&#8212;<\/p>\n","protected":false},"excerpt":{"rendered":"<p>&nbsp; -Los prerregistros se estar\u00edan llevando a cabo ante los \u00f3rganos auxiliares de la Comisi\u00f3n Estatal de Procesos Internos los<\/p>\n","protected":false},"author":2,"featured_media":27418,"comment_status":"open","ping_status":"open","sticky":false,"template":"","format":"standard","meta":{"colormag_page_container_layout":"default_layout","colormag_page_sidebar_layout":"default_layout","footnotes":""},"categories":[4],"tags":[],"class_list":["post-27415","post","type-post","status-publish","format-standard","has-post-thumbnail","hentry","category-estatal"],"_links":{"self":[{"href":"http:\/\/vocesver.com\/noticias\/wp-json\/wp\/v2\/posts\/27415","targetHints":{"allow":["GET"]}}],"collection":[{"href":"http:\/\/vocesver.com\/noticias\/wp-json\/wp\/v2\/posts"}],"about":[{"href":"http:\/\/vocesver.com\/noticias\/wp-json\/wp\/v2\/types\/post"}],"author":[{"embeddable":true,"href":"http:\/\/vocesver.com\/noticias\/wp-json\/wp\/v2\/users\/2"}],"replies":[{"embeddable":true,"href":"http:\/\/vocesver.com\/noticias\/wp-json\/wp\/v2\/comments?post=27415"}],"version-history":[{"count":3,"href":"http:\/\/vocesver.com\/noticias\/wp-json\/wp\/v2\/posts\/27415\/revisions"}],"predecessor-version":[{"id":27419,"href":"http:\/\/vocesver.com\/noticias\/wp-json\/wp\/v2\/posts\/27415\/revisions\/27419"}],"wp:featuredmedia":[{"embeddable":true,"href":"http:\/\/vocesver.com\/noticias\/wp-json\/wp\/v2\/media\/27418"}],"wp:attachment":[{"href":"http:\/\/vocesver.com\/noticias\/wp-json\/wp\/v2\/media?parent=27415"}],"wp:term":[{"taxonomy":"category","embeddable":true,"href":"http:\/\/vocesver.com\/noticias\/wp-json\/wp\/v2\/categories?post=27415"},{"taxonomy":"post_tag","embeddable":true,"href":"http:\/\/vocesver.com\/noticias\/wp-json\/wp\/v2\/tags?post=27415"}],"curies":[{"name":"wp","href":"https:\/\/api.w.org\/{rel}","templated":true}]}}