{"id":27412,"date":"2021-01-05T19:51:52","date_gmt":"2021-01-05T19:51:52","guid":{"rendered":"http:\/\/vocesver.com\/noticias\/?p=27412"},"modified":"2021-01-05T19:54:41","modified_gmt":"2021-01-05T19:54:41","slug":"veracruz-lleva-dos-anos-padeciendo-la-cuesta-de-eneroprd","status":"publish","type":"post","link":"http:\/\/vocesver.com\/noticias\/veracruz-lleva-dos-anos-padeciendo-la-cuesta-de-eneroprd\/","title":{"rendered":"VERACRUZ LLEVA DOS A\u00d1OS PADECIENDO LA\u00bb CUESTA DE ENERO\u00bb:PRD"},"content":{"rendered":"<p dir=\"ltr\">AUSENCIO RIVERA\/VOCESVER.COM\/NOTICIAS<\/p>\n<p dir=\"ltr\">Xalapa Ver., 05 de enero de 2021.- Con las medidas econ\u00f3micas que ha tomado a inicio de a\u00f1o la actual administraci\u00f3n federal, la famosa y tradicional \u201ccuesta de enero\u201d est\u00e1 lejos de desaparecer y por el contrario perpetua su presencia, que en M\u00e9xico lleva ya dos a\u00f1os ininterrumpidos, se\u00f1al\u00f3 el Presidente de la direcci\u00f3n estatal ejecutiva del Partido de la Revoluci\u00f3n Democr\u00e1tica en Veracruz, Sergio Cadena Mart\u00ednez.<\/p>\n<p dir=\"ltr\">Agreg\u00f3 que la actualizaci\u00f3n del Impuesto Especial sobre Producci\u00f3n y Servicios (IEPS) del 3.3 por ciento a la gasolina se trata no de un duro sino de un severo golpe a la econom\u00eda popular, ya que esta actualizaci\u00f3n no es m\u00e1s que un aumento de impuestos disfrazado, lo que de inmediato genera una escalada de precios de la canasta b\u00e1sica,<\/p>\n<p dir=\"ltr\">Cadena Mart\u00ednez record\u00f3 que el pasado 28 de diciembre el mandatario federal apuntaba en su tradicional conferencia ma\u00f1anera que no habr\u00eda aumento a la gasolina en 2021, y al d\u00eda siguiente se contradijo al decir que \u201cen t\u00e9rminos reales no hay aumento\u201d pero s\u00ed habr\u00eda un ajuste por la inflaci\u00f3n.<\/p>\n<p dir=\"ltr\">Por lo anterior, dijo, la gasolina abri\u00f3 el 2021 con un aumento del 3.3 por ciento lo que se ver\u00e1 reflejado en un incremento generalizado del costo de los productos de la canasta b\u00e1sica en perjuicio de la poblaci\u00f3n en general, pero sobre todo de los sectores m\u00e1s vulnerables por su limitado ingreso econ\u00f3mico.<\/p>\n<p dir=\"ltr\">\u201cLa Alianza Nacional de Peque\u00f1os Comerciantes ya dio a conocer que s\u00ed se ver\u00e1n incrementados los precios de las frutas y verduras, pero adem\u00e1s de las medicinas, c\u00e1rnicos como el res, pollo, puerco, pescados y mariscos, debido a la actualizaci\u00f3n del IEPS en gasolinas y bebidas azucaradas, por lo que el incremento en los precios se calcula ya en un promedio del 15 por ciento, respecto al 2019\u201d, detall\u00f3.<\/p>\n<p dir=\"ltr\">El l\u00edder del PRD en Veracruz hizo un llamado a la ciudadan\u00eda en general a tomar en cuenta y a no olvidar este tipo de atentados en contra de la econom\u00eda familiar, ya que la situaci\u00f3n provocada por el Covid-19 ya es complicada como para todav\u00eda sumarle aumentos a los productos que consumen todas las familias, que este a\u00f1o han vivido la p\u00e9rdida de su poder adquisitivo, de millones de empleos, de su salud y de familiares y amigos.<\/p>\n<p dir=\"ltr\">\u201cDebemos reflexionar juntos, debemos pensar bien en lo que vamos a decidir en las elecciones de junio pr\u00f3ximo, ya que la mayor\u00eda de la sociedad y los sectores productivos fueron afectados y llevan dos a\u00f1os cuesta arriba; ya se dieron cuenta y la gente lo est\u00e1 padeciendo todos los d\u00edas, que lo ofrecido por el actual gobierno fue solo una promesa y una falacia, debemos hacer algo por recuperar nuestro estado y pa\u00eds porque est\u00e1 en serio riesgo el futuro y el destino de la actual generaci\u00f3n de mexicanos y veracruzanos\u201d.<br \/>\n&#8212;<\/p>\n","protected":false},"excerpt":{"rendered":"<p>AUSENCIO RIVERA\/VOCESVER.COM\/NOTICIAS Xalapa Ver., 05 de enero de 2021.- Con las medidas econ\u00f3micas que ha tomado a inicio de a\u00f1o<\/p>\n","protected":false},"author":2,"featured_media":27414,"comment_status":"open","ping_status":"open","sticky":false,"template":"","format":"standard","meta":{"colormag_page_container_layout":"default_layout","colormag_page_sidebar_layout":"default_layout","footnotes":""},"categories":[2],"tags":[],"class_list":["post-27412","post","type-post","status-publish","format-standard","has-post-thumbnail","hentry","category-infogral"],"_links":{"self":[{"href":"http:\/\/vocesver.com\/noticias\/wp-json\/wp\/v2\/posts\/27412","targetHints":{"allow":["GET"]}}],"collection":[{"href":"http:\/\/vocesver.com\/noticias\/wp-json\/wp\/v2\/posts"}],"about":[{"href":"http:\/\/vocesver.com\/noticias\/wp-json\/wp\/v2\/types\/post"}],"author":[{"embeddable":true,"href":"http:\/\/vocesver.com\/noticias\/wp-json\/wp\/v2\/users\/2"}],"replies":[{"embeddable":true,"href":"http:\/\/vocesver.com\/noticias\/wp-json\/wp\/v2\/comments?post=27412"}],"version-history":[{"count":1,"href":"http:\/\/vocesver.com\/noticias\/wp-json\/wp\/v2\/posts\/27412\/revisions"}],"predecessor-version":[{"id":27413,"href":"http:\/\/vocesver.com\/noticias\/wp-json\/wp\/v2\/posts\/27412\/revisions\/27413"}],"wp:featuredmedia":[{"embeddable":true,"href":"http:\/\/vocesver.com\/noticias\/wp-json\/wp\/v2\/media\/27414"}],"wp:attachment":[{"href":"http:\/\/vocesver.com\/noticias\/wp-json\/wp\/v2\/media?parent=27412"}],"wp:term":[{"taxonomy":"category","embeddable":true,"href":"http:\/\/vocesver.com\/noticias\/wp-json\/wp\/v2\/categories?post=27412"},{"taxonomy":"post_tag","embeddable":true,"href":"http:\/\/vocesver.com\/noticias\/wp-json\/wp\/v2\/tags?post=27412"}],"curies":[{"name":"wp","href":"https:\/\/api.w.org\/{rel}","templated":true}]}}