{"id":27243,"date":"2020-12-23T19:15:46","date_gmt":"2020-12-23T19:15:46","guid":{"rendered":"http:\/\/vocesver.com\/noticias\/?p=27243"},"modified":"2020-12-23T19:16:59","modified_gmt":"2020-12-23T19:16:59","slug":"exportaciones-de-refacciones-y-autos-a-la-baja-consecuencia-del-covid-19anierm","status":"publish","type":"post","link":"http:\/\/vocesver.com\/noticias\/exportaciones-de-refacciones-y-autos-a-la-baja-consecuencia-del-covid-19anierm\/","title":{"rendered":"EXPORTACIONES DE REFACCIONES Y AUTOS A LA BAJA CONSECUENCIA DEL COVID-19:ANIERM"},"content":{"rendered":"<p>\u00b0Se espera un repunte para\u00a0 el pr\u00f3ximo a\u00f1o,b\u00e1sicamente en el sector automovil\u00edstico.<\/p>\n<p>REDACCI\u00d3N\/VOCESVER.COM\/NOTICIAS<\/p>\n<p>Veracruz, Ver. A 23 de Diciembre 2020.- Consecuencia de la emergencia sanitaria ocasionada por el Covid-19,se registra una ca\u00edda en las exportaciones del sector refacciones y automotriz en el pa\u00eds, esto lo se\u00f1al\u00f3 Elizabeth Villagomez Espinoza delegada de la Asociaci\u00f3n Nacional de Importaores y Exportadores de la Rep\u00fablica Mexicana(ANIERM).<\/p>\n<p>\u00abBajaron un poco las exportaciones ahorita est\u00e1 empezando a repuntar, pero yo creo que ya el pr\u00f3ximo a\u00f1o se va a ver un poquito m\u00e1s, b\u00e1sicamente todo el sector automovil\u00edsticos (cay\u00f3) porque se par\u00f3 la producci\u00f3n (&#8230;) Cifras exactas no te tengo bien, pero si impacto muy fuerte, ahorita estamos apenas en recuperaci\u00f3n todo el sector exportador tuvo que innovar, se tuvo que digitalizar, muchos est\u00e1n encontrando proveedores locales\u00bb.<\/p>\n<p>Reiter\u00f3 que esta problem\u00e1tica se gener\u00f3 por el paro en la producci\u00f3n de veh\u00edculos, pero calific\u00f3 como un impacto muy negativo a la econom\u00eda por esta par\u00e1lisis.<\/p>\n<p>Sin embargo, consider\u00f3 que para este 2021 se puede dar una importante recuperaci\u00f3n en las exportaciones en todo el pa\u00eds, lo que traer\u00e1 de manera autom\u00e1tica una recuperaci\u00f3n econ\u00f3mica para toda la poblaci\u00f3n.<\/p>\n<p>\u00abM\u00e9xico ahorita principalmente est\u00e1 exportando aguacate, tequila, cerveza, son productos que no par\u00f3 la exportaci\u00f3n, somos un pa\u00eds netamente exportador de materias primas, desgraciadamente al romperse cadena de suministro por para econom\u00eda si nos vimos golpeados\u00bb, finaliz\u00f3.<\/p>\n","protected":false},"excerpt":{"rendered":"<p>\u00b0Se espera un repunte para\u00a0 el pr\u00f3ximo a\u00f1o,b\u00e1sicamente en el sector automovil\u00edstico. REDACCI\u00d3N\/VOCESVER.COM\/NOTICIAS Veracruz, Ver. A 23 de Diciembre 2020.-<\/p>\n","protected":false},"author":2,"featured_media":27245,"comment_status":"open","ping_status":"open","sticky":false,"template":"","format":"standard","meta":{"colormag_page_container_layout":"default_layout","colormag_page_sidebar_layout":"default_layout","footnotes":""},"categories":[2],"tags":[],"class_list":["post-27243","post","type-post","status-publish","format-standard","has-post-thumbnail","hentry","category-infogral"],"_links":{"self":[{"href":"http:\/\/vocesver.com\/noticias\/wp-json\/wp\/v2\/posts\/27243","targetHints":{"allow":["GET"]}}],"collection":[{"href":"http:\/\/vocesver.com\/noticias\/wp-json\/wp\/v2\/posts"}],"about":[{"href":"http:\/\/vocesver.com\/noticias\/wp-json\/wp\/v2\/types\/post"}],"author":[{"embeddable":true,"href":"http:\/\/vocesver.com\/noticias\/wp-json\/wp\/v2\/users\/2"}],"replies":[{"embeddable":true,"href":"http:\/\/vocesver.com\/noticias\/wp-json\/wp\/v2\/comments?post=27243"}],"version-history":[{"count":1,"href":"http:\/\/vocesver.com\/noticias\/wp-json\/wp\/v2\/posts\/27243\/revisions"}],"predecessor-version":[{"id":27244,"href":"http:\/\/vocesver.com\/noticias\/wp-json\/wp\/v2\/posts\/27243\/revisions\/27244"}],"wp:featuredmedia":[{"embeddable":true,"href":"http:\/\/vocesver.com\/noticias\/wp-json\/wp\/v2\/media\/27245"}],"wp:attachment":[{"href":"http:\/\/vocesver.com\/noticias\/wp-json\/wp\/v2\/media?parent=27243"}],"wp:term":[{"taxonomy":"category","embeddable":true,"href":"http:\/\/vocesver.com\/noticias\/wp-json\/wp\/v2\/categories?post=27243"},{"taxonomy":"post_tag","embeddable":true,"href":"http:\/\/vocesver.com\/noticias\/wp-json\/wp\/v2\/tags?post=27243"}],"curies":[{"name":"wp","href":"https:\/\/api.w.org\/{rel}","templated":true}]}}