{"id":27237,"date":"2020-12-23T18:50:42","date_gmt":"2020-12-23T18:50:42","guid":{"rendered":"http:\/\/vocesver.com\/noticias\/?p=27237"},"modified":"2020-12-23T18:55:34","modified_gmt":"2020-12-23T18:55:34","slug":"hay-que-luchar-por-los-cargos-de-eleccion-con-animp-pasion-y-con-caracteruna-vez-que-el-partido-decidahay-que-regresar-a-formarse-a-la-fila-de-la-discipina-la-lealtad-y-el-compromisoalejandro-more","status":"publish","type":"post","link":"http:\/\/vocesver.com\/noticias\/hay-que-luchar-por-los-cargos-de-eleccion-con-animp-pasion-y-con-caracteruna-vez-que-el-partido-decidahay-que-regresar-a-formarse-a-la-fila-de-la-discipina-la-lealtad-y-el-compromisoalejandro-more\/","title":{"rendered":"HAY QUE LUCHAR POR LOS CARGOS DE ELECCI\u00d3N CON \u00c1NIMO,PASI\u00d3N Y CON CAR\u00c1CTER;UNA VEZ QUE EL PARTIDO DECIDA,HAY QUE REGRESAR A FORMARSE A LA FILA DE LA DISCIPINA, LA LEALTAD Y EL COMPROMISO:ALEJANDRO MORENO."},"content":{"rendered":"<p class=\"x_MsoNormal\" align=\"center\"><b>-Tengo una enorme confianza en el priismo veracruzano, la fuerza pol\u00edtica que ha dado a M\u00e9xico grandes presidentes priistas: Beatriz Paredes<\/b><\/p>\n<p class=\"x_MsoNormal\" align=\"center\"><b>-Les guste o no a nuestros adversarios, el PRI representa el cambio en Veracruz, la capacidad de entendimiento y apertura a todas las fuerzas pol\u00edticas, para vivir en democracia y en paz: Marlon Ram\u00edrez Mar\u00edn<\/b><\/p>\n<p class=\"x_MsoNormal\" align=\"center\"><b>AUSENCIO RIVERA\/VOCESVER.COM\/NOTICIAS\u00a0<\/b><\/p>\n<p class=\"x_MsoNormal\"><b>Xalapa, Ver., 23 de diciembre de 2020.<\/b>\u00a0\u00abHay que luchar por los cargos de elecci\u00f3n y de dirigencia con \u00e1nimo, con pasi\u00f3n y con car\u00e1cter, pero una vez que el partido decide, hay que regresar a formarse a la fila de la disciplina, a fila de la lealtad y del compromiso\u201d, expres\u00f3 el presidente del Comit\u00e9 Ejecutivo Nacional del PRI, Alejandro Moreno C\u00e1rdenas.<\/p>\n<p class=\"x_MsoNormal\">\u201cVeracruz es prioridad para el CEN, y necesitamos ampliar nuestra presencia, vamos con mucha determinaci\u00f3n por las 30 diputaciones locales de mayor\u00eda, los 212 ayuntamientos, y por las diputaciones federales, comprometidos en la construcci\u00f3n de una entidad pr\u00f3spera que ha sido mal gobernada.<\/p>\n<p class=\"x_MsoNormal\">Morena ha dejado claro que es un gobierno de ocurrencias, que no da una, y no cumple nada. Por eso lo subrayo y lo digo: Morena es un ave de paso, gan\u00f3 ayer, gobierna hoy, y se ir\u00e1 ma\u00f1ana, porque le vamos a ganar con la fuerza de la militancia y priismo veracruzano\u201d, puntualiz\u00f3, durante la toma de protesta de los integrantes de los comit\u00e9s municipales del PRI en el estado de Veracruz.<\/p>\n<p class=\"x_MsoNormal\">Manifest\u00f3 el respaldo total del CEN, a la dirigencia estatal del PRI en Veracruz, encabezada por Marlon Ram\u00edrez Mar\u00edn y Arianna \u00c1ngeles Aguirre, en quienes reconoci\u00f3 un trabajo de unidad con sectores y organizaciones, adem\u00e1s que su liderazgo y desempe\u00f1o, han sido cruciales para mantener las tareas del partido, fortalecer la unidad interna, y presentar el mejor proyecto y programa de cara a las elecciones para toda la ciudadan\u00eda del estado de Veracruz.<\/p>\n<p class=\"x_MsoNormal\">Dijo con claridad: \u201cen este momento no hay candidatas ni candidatos oficiales en Veracruz, hay militantes del PRI trabajando, ustedes son los que trabajan todos los d\u00edas, hay que ser respetuosos de los tiempos y de los momentos en el partido, todos tienen la puerta abierta.\u00bb<\/p>\n<p class=\"x_MsoNormal\">Alejandro Moreno C\u00e1rdenas, afirm\u00f3 que el priismo veracruzano se resume en: car\u00e1cter, orgullo, \u00e1nimo, capacidad y trabajo en equipo para volver a ganar; por eso les pido unificar esfuerzos, dejar de lado las diferencias y hacer lo que mejor sabemos hacer los priistas, que es dar voz a las causas ciudadanas, y convocar para trabajar con argumentos y acuerdos pol\u00edticos, el mejor proyecto para Veracruz.<\/p>\n<p class=\"x_MsoNormal\">Felicit\u00f3 a quienes rindieron protesta, \u201cy estoy seguro que cada una de las dirigencias municipales, pondr\u00e1n el mayor compromiso, todo su talento y capacidad para enfocar las l\u00edneas de trabajo en el territorio en estar en las calles ejidos y comunidades en estar cerca de la gente.\u201d<\/p>\n<p class=\"x_MsoNormal\">Por su parte, el presidente del CDE del PRI en Veracruz, Marlon Ram\u00edrez Mar\u00edn, advirti\u00f3: \u00ables guste o no a nuestros adversarios, el PRI representa el cambio en Veracruz, el progreso, las obras de infraestructura, y la capacidad de entendimiento y apertura a todas las fuerzas pol\u00edticas, para vivir en democracia, para renovar nuestras ideas, nuestras instituciones, para llevar a las y los mejores j\u00f3venes a los puestos de decisi\u00f3n pol\u00edtica y reactivar la econom\u00eda con obreros, campesinos, empresarios, comerciantes, en pocas palabras para volver a vivir con desarrollo, para poder volver a vivir en paz.<\/p>\n<p class=\"x_MsoNormal\">Afirm\u00f3 que \u00abnos sentimos orgullosos, porque somos un partido que ha entendido de las etapas que le toca vivir, y hoy como oposici\u00f3n, tenemos el trabajo y los kil\u00f3metros necesarios para recuperar los espacios que por errores estrat\u00e9gicos se les prestaron a otras fuerzas pol\u00edticas.\u201d<\/p>\n<p class=\"x_MsoNormal\">A los dirigentes de los comit\u00e9s municipales que rindieron protesta, les signific\u00f3 su esfuerzo, su trabajo, su fortaleza y compromiso con las causas sociales que unen a M\u00e9xico, \u00abque construyen y no destruyen, que unen y no dividen, que suman y no restan, pero m\u00e1s que eso, que entienden y comprenden las necesidades de nuestro pueblo como ninguna otra militancia de partido pol\u00edtico alguno en la historia de M\u00e9xico porque como lo dijo nuestro presidente nacional, el PRI, es el pueblo hecho partido.\u00bb<\/p>\n<p class=\"x_MsoNormal\">Enfatiz\u00f3 que es a la militancia a quienes las dirigencias se deben, por emerger de procesos internos, avalados por los tribunales electorales y calificados por la autoridad federal durante su desarrollo, y es a quien las dirigencias rendir\u00e1n cuentas en 165 d\u00edas en las urnas, en donde se ver\u00e1n las caras con el movimiento que hoy gobierna.<\/p>\n<p class=\"x_MsoNormal\">La senadora y delegada regional del CEN en Veracruz, Beatriz Paredes Rangel, quien clausur\u00f3 el evento, reconoci\u00f3 que el priismo de Veracruz est\u00e1 comprometido con el proyecto de renovaci\u00f3n del partido para recuperar el poder, que dirige con talento y valor civil Alejandro Moreno C\u00e1rdenas. \u201cTengo una enorme confianza en el priismo veracruzano, la principal fuerza pol\u00edtica que ha dado a M\u00e9xico grandes presidentes priistas, y tenemos que reconocer que la fuerza principal est\u00e1 en la militancia.\u00bb<\/p>\n<p>Estuvieron presentes por v\u00eda Zoom y de manera presencial, el delegado del CEN del PRI en Veracruz, Jorge Meade Ocaranza; la diputada federal, Anilu Ingram Vallines; el diputado federal, H\u00e9ctor Yunes Landa; la diputada local, Erika Ayala R\u00edos; el diputado local, Jorge Moreno; secretarios integrantes del CDE del PRI en Veracruz; la presidenta del ONMPRI en Veracruz, Yolanda Lagunes L\u00f3pez; la dirigente estatal del Movimiento Territorial, Irene Arag\u00f3n Santiago, representantes de sectores, organizaciones y organismos e<\/p>\n<div><\/div>\n<p>&#8212;<\/p>\n","protected":false},"excerpt":{"rendered":"<p>-Tengo una enorme confianza en el priismo veracruzano, la fuerza pol\u00edtica que ha dado a M\u00e9xico grandes presidentes priistas: Beatriz<\/p>\n","protected":false},"author":2,"featured_media":27239,"comment_status":"open","ping_status":"open","sticky":false,"template":"","format":"standard","meta":{"colormag_page_container_layout":"default_layout","colormag_page_sidebar_layout":"default_layout","footnotes":""},"categories":[2],"tags":[],"class_list":["post-27237","post","type-post","status-publish","format-standard","has-post-thumbnail","hentry","category-infogral"],"_links":{"self":[{"href":"http:\/\/vocesver.com\/noticias\/wp-json\/wp\/v2\/posts\/27237","targetHints":{"allow":["GET"]}}],"collection":[{"href":"http:\/\/vocesver.com\/noticias\/wp-json\/wp\/v2\/posts"}],"about":[{"href":"http:\/\/vocesver.com\/noticias\/wp-json\/wp\/v2\/types\/post"}],"author":[{"embeddable":true,"href":"http:\/\/vocesver.com\/noticias\/wp-json\/wp\/v2\/users\/2"}],"replies":[{"embeddable":true,"href":"http:\/\/vocesver.com\/noticias\/wp-json\/wp\/v2\/comments?post=27237"}],"version-history":[{"count":4,"href":"http:\/\/vocesver.com\/noticias\/wp-json\/wp\/v2\/posts\/27237\/revisions"}],"predecessor-version":[{"id":27242,"href":"http:\/\/vocesver.com\/noticias\/wp-json\/wp\/v2\/posts\/27237\/revisions\/27242"}],"wp:featuredmedia":[{"embeddable":true,"href":"http:\/\/vocesver.com\/noticias\/wp-json\/wp\/v2\/media\/27239"}],"wp:attachment":[{"href":"http:\/\/vocesver.com\/noticias\/wp-json\/wp\/v2\/media?parent=27237"}],"wp:term":[{"taxonomy":"category","embeddable":true,"href":"http:\/\/vocesver.com\/noticias\/wp-json\/wp\/v2\/categories?post=27237"},{"taxonomy":"post_tag","embeddable":true,"href":"http:\/\/vocesver.com\/noticias\/wp-json\/wp\/v2\/tags?post=27237"}],"curies":[{"name":"wp","href":"https:\/\/api.w.org\/{rel}","templated":true}]}}