{"id":27233,"date":"2020-12-23T18:39:43","date_gmt":"2020-12-23T18:39:43","guid":{"rendered":"http:\/\/vocesver.com\/noticias\/?p=27233"},"modified":"2020-12-23T18:44:13","modified_gmt":"2020-12-23T18:44:13","slug":"exhiben-riqueza-oculta-de-alejandro-diaz-duran","status":"publish","type":"post","link":"http:\/\/vocesver.com\/noticias\/exhiben-riqueza-oculta-de-alejandro-diaz-duran\/","title":{"rendered":"EXHIBEN RIQUEZA OCULTA DE ALEJANDRO D\u00cdAZ DUR\u00c1N."},"content":{"rendered":"<p dir=\"ltr\">REDACCI\u00d3N\/VOCESVER.COM\/NOTICIAS<\/p>\n<p dir=\"ltr\">*Ciudad de M\u00e9xico, diciembre 22 de 2020.\u2014* Documentos del Registro P\u00fablico de la Propiedad y de Comercio de la Ciudad de M\u00e9xico revelan la exagerada riqueza del ex aspirante a la presidencia de MORENA, Alejandro Rojas D\u00edaz Dur\u00e1n.<\/p>\n<p dir=\"ltr\">Investigaciones period\u00edsticas de medios nacionales exhibieron los bienes adquiridos por D\u00edaz Dur\u00e1n a menores precios, mismos que se dispararon despu\u00e9s de trasladarse al haber patrimonial de su esposa, Cecilia Diez de Bonilla.<\/p>\n<p dir=\"ltr\">Seg\u00fan la inscripci\u00f3n del folio real bajo el concepto de donaci\u00f3n, D\u00edaz Dur\u00e1n registr\u00f3 un inmueble valuado de forma catastral por 1 mill\u00f3n 836 mil pesos ubicado en la Calle Paseo de San Francisco, n\u00famero 103, Fraccionamiento Villas de San Francisco en la alcald\u00eda Coyoac\u00e1n. En beneficio de Diez de Bonilla, su esposa, el valor comercial junto con adecuaciones en plusval\u00eda se dispar\u00f3 hasta poco m\u00e1s de 12 millones de pesos, siendo que el promedio de venta de casas similares en la zona est\u00e1 entre 10 y 25 millones de pesos.<\/p>\n<p dir=\"ltr\">Desde 2004, la casa del Fraccionamiento Villas de San Francisco fue en la que tanto D\u00edaz Dur\u00e1n como su esposa declararon vivir, a\u00fan cuando ella entr\u00f3 a trabajar en la Polic\u00eda Bancaria e Industrial.<\/p>\n<p dir=\"ltr\">Sin embargo, 16 a\u00f1os m\u00e1s tarde se hicieron de tres propiedades m\u00e1s en la misma calle Paseo de San Francisco, dentro del Fraccionamiento Villas de San Francisco; en el que son propietarios de los inmuebles con el n\u00famero 65, 99, 103 y 107<br \/>\nSeg\u00fan los documentos.<\/p>\n<p dir=\"ltr\">El origen de una de las casas se remonta al 18 de mayo de 1992, cuando la madre de D\u00edaz Dur\u00e1n, Mar\u00eda de los \u00c1ngeles \u00c1lvarez Gonz\u00e1lez de D\u00edaz Mu\u00f1oz, compr\u00f3 la casa n\u00famero 103 mediante un cr\u00e9dito hipotecario a 7 a\u00f1os de Banamex, a un precio de 250 millones de viejos pesos. Apenas en 3 a\u00f1os, en julio de 1995, su hijo aparece como comprador. Es hasta el 23 de octubre de 2013 que la casa es donada a su esposa Cecilia Diez.<\/p>\n<p dir=\"ltr\">Un a\u00f1o despu\u00e9s, el 25 de febrero de 2014, Alejandro Rojas adquiere de Rafael Juan Rosales G\u00f3mez el inmueble con el n\u00famero 99 del Fraccionamiento Villas de San Francisco, valuado en 5.3 millones de pesos.<\/p>\n<p dir=\"ltr\">En el desarrollo pol\u00edtico de su carrera, hacia 2015 Ricardo Monreal le hizo una invitaci\u00f3n para ser el coordinador de estrategia electoral y proyecto de gobierno en la ex delegaci\u00f3n Cuauht\u00e9moc. Con aquella final responsabilidad entra de lleno al Movimiento de Regeneraci\u00f3n Nacional despu\u00e9s de haberse formado en las filas del PRI, despu\u00e9s en el PRD y finalmente, en MORENA.<\/p>\n<p dir=\"ltr\">Seg\u00fan la suma en valor catastral de aquellos bienes, ser\u00edan cerca de 16 millones de pesos que la pareja tiene invertida en propiedades. Si el c\u00e1lculo se hiciera tomando en cuenta el valor comercial,seg\u00fan la cantidad m\u00e1s baja en que se vende una casa dentro de aquel fraccionamiento que son 10 millones de pesos, la acumulaci\u00f3n patrimonial tan s\u00f3lo en inmuebles alcanzar\u00eda los 40 millones de pesos.<\/p>\n<p dir=\"ltr\">Rojas D\u00edaz Dur\u00e1n tambi\u00e9n posee autom\u00f3viles de lujo, ya que cuentan con seis veh\u00edculos que suman cerca de 1.7 millones de pesos.<\/p>\n<p dir=\"ltr\">Los gustos son lejanos al t\u00edpico Tsuru en el que L\u00f3pez Obrador les mostr\u00f3 que la vida pod\u00eda recorrerse. El matrimonio tiene una camioneta Audi Q3 blanca, modelo 2018, con un valor de mercado que rebasa los 600 mil pesos, as\u00ed como un Mercedes-Benz, modelo GLA, color rojo, modelo 2017, que asciende a 370 mil seg\u00fan el valor de este a\u00f1o.<\/p>\n","protected":false},"excerpt":{"rendered":"<p>REDACCI\u00d3N\/VOCESVER.COM\/NOTICIAS *Ciudad de M\u00e9xico, diciembre 22 de 2020.\u2014* Documentos del Registro P\u00fablico de la Propiedad y de Comercio de la<\/p>\n","protected":false},"author":2,"featured_media":27236,"comment_status":"open","ping_status":"open","sticky":false,"template":"","format":"standard","meta":{"colormag_page_container_layout":"default_layout","colormag_page_sidebar_layout":"default_layout","footnotes":""},"categories":[5],"tags":[],"class_list":["post-27233","post","type-post","status-publish","format-standard","has-post-thumbnail","hentry","category-nacional"],"_links":{"self":[{"href":"http:\/\/vocesver.com\/noticias\/wp-json\/wp\/v2\/posts\/27233","targetHints":{"allow":["GET"]}}],"collection":[{"href":"http:\/\/vocesver.com\/noticias\/wp-json\/wp\/v2\/posts"}],"about":[{"href":"http:\/\/vocesver.com\/noticias\/wp-json\/wp\/v2\/types\/post"}],"author":[{"embeddable":true,"href":"http:\/\/vocesver.com\/noticias\/wp-json\/wp\/v2\/users\/2"}],"replies":[{"embeddable":true,"href":"http:\/\/vocesver.com\/noticias\/wp-json\/wp\/v2\/comments?post=27233"}],"version-history":[{"count":2,"href":"http:\/\/vocesver.com\/noticias\/wp-json\/wp\/v2\/posts\/27233\/revisions"}],"predecessor-version":[{"id":27235,"href":"http:\/\/vocesver.com\/noticias\/wp-json\/wp\/v2\/posts\/27233\/revisions\/27235"}],"wp:featuredmedia":[{"embeddable":true,"href":"http:\/\/vocesver.com\/noticias\/wp-json\/wp\/v2\/media\/27236"}],"wp:attachment":[{"href":"http:\/\/vocesver.com\/noticias\/wp-json\/wp\/v2\/media?parent=27233"}],"wp:term":[{"taxonomy":"category","embeddable":true,"href":"http:\/\/vocesver.com\/noticias\/wp-json\/wp\/v2\/categories?post=27233"},{"taxonomy":"post_tag","embeddable":true,"href":"http:\/\/vocesver.com\/noticias\/wp-json\/wp\/v2\/tags?post=27233"}],"curies":[{"name":"wp","href":"https:\/\/api.w.org\/{rel}","templated":true}]}}