{"id":26996,"date":"2020-12-07T20:20:53","date_gmt":"2020-12-07T20:20:53","guid":{"rendered":"http:\/\/vocesver.com\/noticias\/?p=26996"},"modified":"2020-12-07T20:26:16","modified_gmt":"2020-12-07T20:26:16","slug":"marchan-tamseros-por-las-principales-calles-de-veracruz","status":"publish","type":"post","link":"http:\/\/vocesver.com\/noticias\/marchan-tamseros-por-las-principales-calles-de-veracruz\/","title":{"rendered":"MARCHAN TAMSEROS POR LAS PRINCIPALES CALLES DE VERACRUZ."},"content":{"rendered":"<p>\u00b0Antes \u00abEl Profe\u00bb present\u00f3 su toma de nota\u00a0 que lo avala como secretario general del SNUP.<\/p>\n<p>\u00b0Se plantan en la Junta Federal 45 exigen la reinstalaci\u00f3n de sus compa\u00f1eros despedidos injustificadamente.<\/p>\n<p>\u00b0Mi toma de nota es apegada a derecho, las dem\u00e1s no son legales, no est\u00e1n apegadas a los estatutos.<\/p>\n<p>ALEJANDRO MURRIETA\/VOCESVER.COM\/NOTICIAS<\/p>\n<p>Veracruz,\u00a0 Ver.- a 7 de Diciembre 2020.- Este lunes Jos\u00e9 Carlos Guevara Moreno mejor conocido como \u00abEl Profe\u00bb y representante del Movimiento Libetad por la Democracia(MLD) en Tamsa present\u00f3 en conferencia de medios su toma de nota que lo avala como aut\u00e9ntico secretario general del Sindicato Unidad y Progreso de Tamsa, al tiempo que asegur\u00f3\u00a0 que es el \u00fanico dirigente que cuenta con una toma de nota leg\u00edtima.<\/p>\n<p>Explic\u00f3 que esta toma de nota le fue emitida el 30 de enero del 2017, de ah\u00ed para ac\u00e1 toda toma de nota no se han apegado a los estatutos,sobre todo al art\u00edculo 68 BIS que establece que las reuniones de las\u00a0 organizaciones deben ser convocadas por el Secretario General y el Comit\u00e9 Ejecutivo.<\/p>\n<p>As\u00ed que no hubo ninguna asamblea, ningunas elecciones, no existi\u00f3 nada\u00a0 legal apegado a los estatutos sobre los nuevos nombramientos.<\/p>\n<p>El dirigente no descart\u00f3 que C\u00e1ndido Canseco pueda ser procesado por estar usurpando funciones sindicales , al tiempo que dijo todo aquel que haya tomado el dinero de manera il\u00edcita y que le corresponde al sindicato tendr\u00e1 que devolverlo y se retribuir\u00e1 a cada uno de los sindicalizados activos.<\/p>\n<p>Asimismo afirm\u00f3 que de acuerdo a la ley mientras que un trabajador no sea\u00a0 liquidado de sus derechos sindicales seguir\u00e1 siendo activo del sindicato, que no seas activo de la empresa eso es otra cosa.<\/p>\n<p>Incluso dijo que existe muchos ex-trabajadores\u00a0 de tamsa que est\u00e1n reclamando un seguro de vida que el mismo sindicato les debe, son m\u00e1s de 400 millones de pesos que les deben a los sindicalizados activos que estuvieron trabajando en Tamsa y que pagar\u00f3n el seguro, no se les han liquidado sus derechos sindicales, por lo tanto siguen siendo activos del sindicato.<\/p>\n<p>Posteriormente El Profe acompa\u00f1ado de sus seguidores encabez\u00f3 una marcha por las principales calles de la Ciudad hasta llegar a las Oficinas de la Junta Federal 45 en protesta porque dicha dependencia no ha reinstalado a los trabajadores tamseros que ya ganaron los laudos y a quines les asiste la raz\u00f3n.<\/p>\n<p>&nbsp;<\/p>\n","protected":false},"excerpt":{"rendered":"<p>\u00b0Antes \u00abEl Profe\u00bb present\u00f3 su toma de nota\u00a0 que lo avala como secretario general del SNUP. \u00b0Se plantan en la<\/p>\n","protected":false},"author":2,"featured_media":26999,"comment_status":"open","ping_status":"open","sticky":false,"template":"","format":"standard","meta":{"colormag_page_container_layout":"default_layout","colormag_page_sidebar_layout":"default_layout","footnotes":""},"categories":[2],"tags":[],"class_list":["post-26996","post","type-post","status-publish","format-standard","has-post-thumbnail","hentry","category-infogral"],"_links":{"self":[{"href":"http:\/\/vocesver.com\/noticias\/wp-json\/wp\/v2\/posts\/26996","targetHints":{"allow":["GET"]}}],"collection":[{"href":"http:\/\/vocesver.com\/noticias\/wp-json\/wp\/v2\/posts"}],"about":[{"href":"http:\/\/vocesver.com\/noticias\/wp-json\/wp\/v2\/types\/post"}],"author":[{"embeddable":true,"href":"http:\/\/vocesver.com\/noticias\/wp-json\/wp\/v2\/users\/2"}],"replies":[{"embeddable":true,"href":"http:\/\/vocesver.com\/noticias\/wp-json\/wp\/v2\/comments?post=26996"}],"version-history":[{"count":4,"href":"http:\/\/vocesver.com\/noticias\/wp-json\/wp\/v2\/posts\/26996\/revisions"}],"predecessor-version":[{"id":27001,"href":"http:\/\/vocesver.com\/noticias\/wp-json\/wp\/v2\/posts\/26996\/revisions\/27001"}],"wp:featuredmedia":[{"embeddable":true,"href":"http:\/\/vocesver.com\/noticias\/wp-json\/wp\/v2\/media\/26999"}],"wp:attachment":[{"href":"http:\/\/vocesver.com\/noticias\/wp-json\/wp\/v2\/media?parent=26996"}],"wp:term":[{"taxonomy":"category","embeddable":true,"href":"http:\/\/vocesver.com\/noticias\/wp-json\/wp\/v2\/categories?post=26996"},{"taxonomy":"post_tag","embeddable":true,"href":"http:\/\/vocesver.com\/noticias\/wp-json\/wp\/v2\/tags?post=26996"}],"curies":[{"name":"wp","href":"https:\/\/api.w.org\/{rel}","templated":true}]}}