{"id":26985,"date":"2020-12-07T19:31:41","date_gmt":"2020-12-07T19:31:41","guid":{"rendered":"http:\/\/vocesver.com\/noticias\/?p=26985"},"modified":"2020-12-07T19:37:24","modified_gmt":"2020-12-07T19:37:24","slug":"inaugura-isabel-ines-romero-cruz-ciudad-judicial-en-papantla","status":"publish","type":"post","link":"http:\/\/vocesver.com\/noticias\/inaugura-isabel-ines-romero-cruz-ciudad-judicial-en-papantla\/","title":{"rendered":"INAUGURA ISABEL IN\u00c9S ROMERO CRUZ CIUDAD JUDICIAL EN PAPANTLA."},"content":{"rendered":"<p><a href=\"http:\/\/vocesver.com\/noticias\/wp-content\/uploads\/2020\/12\/JUDI2.jpg\"><img loading=\"lazy\" decoding=\"async\" class=\"alignnone size-medium wp-image-26988\" src=\"http:\/\/vocesver.com\/noticias\/wp-content\/uploads\/2020\/12\/JUDI2-300x200.jpg\" alt=\"\" width=\"300\" height=\"200\" srcset=\"http:\/\/vocesver.com\/noticias\/wp-content\/uploads\/2020\/12\/JUDI2-300x200.jpg 300w, http:\/\/vocesver.com\/noticias\/wp-content\/uploads\/2020\/12\/JUDI2-768x512.jpg 768w, http:\/\/vocesver.com\/noticias\/wp-content\/uploads\/2020\/12\/JUDI2-1024x682.jpg 1024w, http:\/\/vocesver.com\/noticias\/wp-content\/uploads\/2020\/12\/JUDI2.jpg 1280w\" sizes=\"auto, (max-width: 300px) 100vw, 300px\" \/><\/a><a href=\"http:\/\/vocesver.com\/noticias\/wp-content\/uploads\/2020\/12\/JUDI3.jpg\"><img loading=\"lazy\" decoding=\"async\" class=\"alignnone size-medium wp-image-26990\" src=\"http:\/\/vocesver.com\/noticias\/wp-content\/uploads\/2020\/12\/JUDI3-300x200.jpg\" alt=\"\" width=\"300\" height=\"200\" srcset=\"http:\/\/vocesver.com\/noticias\/wp-content\/uploads\/2020\/12\/JUDI3-300x200.jpg 300w, http:\/\/vocesver.com\/noticias\/wp-content\/uploads\/2020\/12\/JUDI3-768x512.jpg 768w, http:\/\/vocesver.com\/noticias\/wp-content\/uploads\/2020\/12\/JUDI3-1024x682.jpg 1024w, http:\/\/vocesver.com\/noticias\/wp-content\/uploads\/2020\/12\/JUDI3.jpg 1280w\" sizes=\"auto, (max-width: 300px) 100vw, 300px\" \/><\/a><\/p>\n<p>AUSENCIO RIVERA\/VOCESVER.COM\/NOTICIAS<\/p>\n<p>Papantla, Ver., 07 de diciembre de 2020.- Como parte de la nueva etapa del Poder Judicial del Estado de Veracruz y de la transformaci\u00f3n en el pa\u00eds, la Magistrada Presidenta del Tribunal Superior de Justicia y del Consejo de la Judicatura, Isabel In\u00e9s Romero Cruz, inaugur\u00f3 la Ciudad Judicial de Papantla.<\/p>\n<p>Pese a las circunstancias que ha atravesado Papantla en materia jurisdiccional, hoy se culminaron los trabajos en la Ciudad Judicial ante los ojos de los invitados especiales Joana Marlen Bautista Flores, Directora General de Administraci\u00f3n, Andr\u00e9s Cruz Ibarra y Karla Rodr\u00edguez Gonz\u00e1lez, integrantes del Consejo de la Judicatura y dem\u00e1s Magistrados y Magistradas.<\/p>\n<p>As\u00ed como el Diputado Presidente de la Junta de Coordinaci\u00f3n Pol\u00edtica del Congreso del Estado, Juan Javier G\u00f3mez Cazar\u00edn, y los Diputados representantes del Distrito de Papantla, Eric Dom\u00ednguez V\u00e1zquez y Le\u00f3n David Jim\u00e9nez Reyes.<\/p>\n<p>A ellos, la Magistrada Presidenta Isabel In\u00e9s Romero Cruz, les pidi\u00f3 constatar que el Poder Judicial, est\u00e1 trabajando e invirtiendo en favor del pueblo veracruzano y agradeci\u00f3 el tiempo por acompa\u00f1arle a esta inauguraci\u00f3n.<\/p>\n<p>Como parte de su formaci\u00f3n profesional y laboral en el Poder Judicial, la Magistrada Isabel In\u00e9s Romero Cruz, Presidenta del Tribunal Superior de Justicia y del Consejo de la Judicatura, siempre hab\u00eda concebido la idea de que las condiciones laborales fueran mejores y adecuadas para que lo que corresponde hacer dentro de la instituci\u00f3n se haga con mucho gusto.<\/p>\n<p>\u201cHoy esa aspiraci\u00f3n de cero que compartimos todos la veo cristalizada y lo digo no como mujer, Magistrada o Presidenta del Tribunal Superior de Justicia del Estado sino que se los digo como veracruzana porque es esto lo que el pueblo de Veracruz estaba esperando en todo momento\u201d.<\/p>\n<p>Echar a andar la Ciudad Judicial de Papantla no solo conlleva la dignificaci\u00f3n de las instalaciones y la renovaci\u00f3n de los inmuebles, ya que tambi\u00e9n es necesario la dignificaci\u00f3n de la labor, para dotar cada d\u00eda a los justiciables de alicientes y esperanza en la soluci\u00f3n de sus problemas. Ante los ojos de la ciudadan\u00eda es necesario un servicio jurisdiccional que los dote de esa misma satisfacci\u00f3n que se tienen al ver una Ciudad Judicial, nueva, grande, funcional y limpia.<\/p>\n<p>\u201cIgual debemos ser cada uno de nosotros y engrandecer al Poder Judicial con un actuar limpio, transparente y honesto, con la inauguraci\u00f3n de la Ciudad Judicial veo que ha llegado este d\u00eda en la ciudad de Papantla Veracruz, un nuevo panorama porque en cada espacio que hoy se dota se podr\u00e1 ejercer una justicia con m\u00e1s br\u00edo y esperanza\u201d.<\/p>\n<p>Es un reto muy grande una Ciudad Judicial que exige no solamente la imagen de la inversi\u00f3n p\u00fablica sino adem\u00e1s un rostro m\u00e1s humano y cercano a los justiciables sin perder la imparcialidad que corresponde.<\/p>\n<p>Tras el corte de list\u00f3n, acompa\u00f1ada de personalidades y trabajadores del Poder Judicial, se realiz\u00f3 un recorrido en las nuevas instalaciones, en el que la Magistrada Presidenta Isabel In\u00e9s Romero Cruz dio la bienvenida al personal jurisdiccional del Poder Judicial a su nueva casa, y pidi\u00f3 que la cuiden, pues se fue una gran inversi\u00f3n para su bienestar.<\/p>\n","protected":false},"excerpt":{"rendered":"<p>AUSENCIO RIVERA\/VOCESVER.COM\/NOTICIAS Papantla, Ver., 07 de diciembre de 2020.- Como parte de la nueva etapa del Poder Judicial del Estado<\/p>\n","protected":false},"author":2,"featured_media":26987,"comment_status":"open","ping_status":"open","sticky":false,"template":"","format":"standard","meta":{"colormag_page_container_layout":"default_layout","colormag_page_sidebar_layout":"default_layout","footnotes":""},"categories":[2],"tags":[],"class_list":["post-26985","post","type-post","status-publish","format-standard","has-post-thumbnail","hentry","category-infogral"],"_links":{"self":[{"href":"http:\/\/vocesver.com\/noticias\/wp-json\/wp\/v2\/posts\/26985","targetHints":{"allow":["GET"]}}],"collection":[{"href":"http:\/\/vocesver.com\/noticias\/wp-json\/wp\/v2\/posts"}],"about":[{"href":"http:\/\/vocesver.com\/noticias\/wp-json\/wp\/v2\/types\/post"}],"author":[{"embeddable":true,"href":"http:\/\/vocesver.com\/noticias\/wp-json\/wp\/v2\/users\/2"}],"replies":[{"embeddable":true,"href":"http:\/\/vocesver.com\/noticias\/wp-json\/wp\/v2\/comments?post=26985"}],"version-history":[{"count":3,"href":"http:\/\/vocesver.com\/noticias\/wp-json\/wp\/v2\/posts\/26985\/revisions"}],"predecessor-version":[{"id":26991,"href":"http:\/\/vocesver.com\/noticias\/wp-json\/wp\/v2\/posts\/26985\/revisions\/26991"}],"wp:featuredmedia":[{"embeddable":true,"href":"http:\/\/vocesver.com\/noticias\/wp-json\/wp\/v2\/media\/26987"}],"wp:attachment":[{"href":"http:\/\/vocesver.com\/noticias\/wp-json\/wp\/v2\/media?parent=26985"}],"wp:term":[{"taxonomy":"category","embeddable":true,"href":"http:\/\/vocesver.com\/noticias\/wp-json\/wp\/v2\/categories?post=26985"},{"taxonomy":"post_tag","embeddable":true,"href":"http:\/\/vocesver.com\/noticias\/wp-json\/wp\/v2\/tags?post=26985"}],"curies":[{"name":"wp","href":"https:\/\/api.w.org\/{rel}","templated":true}]}}