{"id":26982,"date":"2020-12-07T16:49:07","date_gmt":"2020-12-07T16:49:07","guid":{"rendered":"http:\/\/vocesver.com\/noticias\/?p=26982"},"modified":"2020-12-07T16:49:20","modified_gmt":"2020-12-07T16:49:20","slug":"biden-elige-otro-latinoxavier-becerra-sera-secretario-de-salud","status":"publish","type":"post","link":"http:\/\/vocesver.com\/noticias\/biden-elige-otro-latinoxavier-becerra-sera-secretario-de-salud\/","title":{"rendered":"BIDEN ELIGE OTRO LATINO;XAVIER BECERRA SER\u00c1 SECRETARIO DE SALUD."},"content":{"rendered":"<p><em>Biden ha enfatizado que elegir\u00e1 a un gabinete diverso para cuando tome posesi\u00f3n de su cargo el 20 de enero. FOTO: Reuters<\/em><\/p>\n<p>REDACCI\u00d3N\/VOCESVER.COM\/NOTICIAS<\/p>\n<p><strong>INTERNACIONAL.- A\u00a0 6 de Diciembre 2020.-De acuerdo con informaci\u00f3n de UNOTV\/REUTERS&#8230;. Joe Biden<\/strong>\u00a0planea nombrar al fiscal general de California,\u00a0<strong>Xavier Becerra<\/strong>, como su\u00a0<strong>secretario de Salud y Servicios Humanos,<\/strong>\u00a0lo que sumar\u00eda\u00a0<strong>otro miembro de origen latino\u00a0<\/strong>al cada vez m\u00e1s diverso gabinete del presidente electo, informaron medios estadounidenses este domingo.<\/p>\n<p>Los medios informaron de los planes de Biden para nombrar a Becerra, citando fuentes an\u00f3nimas cercanas al presidente electo.<\/p>\n<p>Seg\u00fan el diario The New York Times, la elecci\u00f3n de Becerra llega despu\u00e9s de que el Caucus Hispano en el Congreso expresara quejas sobre la\u00a0<strong>falta de latinos en el nuevo gobierno.<\/strong><\/p>\n<h2>\u00bfQui\u00e9n es Xavier Becerra?<\/h2>\n<p>Becerra, de 62 a\u00f1os, fue elegido\u00a0<strong>fiscal general de California en 2016<\/strong>, sucediendo a la\u00a0<a href=\"https:\/\/www.unotv.com\/internacional\/kamala-harris-dice-que-triunfo-de-biden-marca-un-nuevo-dia-para-estados-unidos\/\" target=\"_blank\" rel=\"noreferrer noopener\" aria-label=\"undefined (abre en una nueva pesta\u00f1a)\">vicepresidenta electa Kamala Harris<\/a>\u00a0despu\u00e9s de que ella entrara en el Senado. Nacido en Sacramento (California) pero con<strong>\u00a0or\u00edgenes mexicanos<\/strong>, fue el primer latino en ostentar ese puesto.<\/p>\n<p>Becerra, de 62 a\u00f1os, fue elegido\u00a0<strong>fiscal general de California en 2016<\/strong>, sucediendo a la\u00a0<a href=\"https:\/\/www.unotv.com\/internacional\/kamala-harris-dice-que-triunfo-de-biden-marca-un-nuevo-dia-para-estados-unidos\/\" target=\"_blank\" rel=\"noreferrer noopener\" aria-label=\"undefined (abre en una nueva pesta\u00f1a)\">vicepresidenta electa Kamala Harris<\/a>\u00a0despu\u00e9s de que ella entrara en el Senado. Nacido en Sacramento (California) pero con<strong>\u00a0or\u00edgenes mexicanos<\/strong>, fue el primer latino en ostentar ese puesto.<\/p>\n<p>En sus 12 mandatos como representante de Los \u00c1ngeles en el Congreso,\u00a0<strong>Becerra fue un destacado defensor de los derechos de los latinos y un en\u00e9rgico partidario del programa de salud del expresidente Barack Obama, una pol\u00edtica que h<\/strong>a sido muy atacada por Donald Trump y el partido republicano.<\/p>\n<p>Durante su tiempo en el cargo, defendi\u00f3 tambi\u00e9n el programa de\u00a0<a href=\"https:\/\/www.unotv.com\/internacional\/daca-debera-ser-restaurado-al-cien-por-donald-trump-ordeno-juez\/\" target=\"_blank\" rel=\"noreferrer noopener\" aria-label=\"undefined (abre en una nueva pesta\u00f1a)\">derechos de los inmigrantes DACA\u00a0<\/a>frente a la Corte Suprema.<\/p>\n<p>Biden ya anunci\u00f3 el nombramiento de\u00a0<strong><a href=\"https:\/\/www.unotv.com\/internacional\/quien-es-alejandro-mayorkas-latino-que-dirigira-seguridad-interior-de-eu\/\" target=\"_blank\" rel=\"noreferrer noopener\" aria-label=\"undefined (abre en una nueva pesta\u00f1a)\">Alejandro Mayorkas, quien naci\u00f3 en Cuba,\u00a0<\/a><\/strong>como su pr\u00f3ximo jefe del Departamento de Seguridad Interior.<\/p>\n<ul>\n<li>De confirmarse tambi\u00e9n su elecci\u00f3n, Becerra tendr\u00e1 que ponerse a los mandos del Departamento de Salud en plena pandemia de coronavirus.<\/li>\n<\/ul>\n<p>Biden ha enfatizado sus esfuerzos por elegir a un gabinete diverso para cuando tome posesi\u00f3n de su cargo el 20 de enero.<\/p>\n<p>Adem\u00e1s de Becerra y Mayorkas, el presidente electo ya desvel\u00f3 otros cargos in\u00e9ditos como el de\u00a0<a href=\"https:\/\/www.unotv.com\/internacional\/quien-es-janet-yellen-propuesta-por-biden-para-jefa-del-tesoro\/\" target=\"_blank\" rel=\"noreferrer noopener\" aria-label=\"undefined (abre en una nueva pesta\u00f1a)\">la primera mujer secretaria del Tesoro, Janet Yellen,<\/a>\u00a0o la primera mujer que dirigir\u00e1 la inteligencia nacional, Avril Haines.<\/p>\n<p>&nbsp;<\/p>\n<p>INF. DE UNOTV\/REUTERS<\/p>\n","protected":false},"excerpt":{"rendered":"<p>Biden ha enfatizado que elegir\u00e1 a un gabinete diverso para cuando tome posesi\u00f3n de su cargo el 20 de enero.<\/p>\n","protected":false},"author":2,"featured_media":26983,"comment_status":"open","ping_status":"open","sticky":false,"template":"","format":"standard","meta":{"colormag_page_container_layout":"default_layout","colormag_page_sidebar_layout":"default_layout","footnotes":""},"categories":[6],"tags":[],"class_list":["post-26982","post","type-post","status-publish","format-standard","has-post-thumbnail","hentry","category-internacional"],"_links":{"self":[{"href":"http:\/\/vocesver.com\/noticias\/wp-json\/wp\/v2\/posts\/26982","targetHints":{"allow":["GET"]}}],"collection":[{"href":"http:\/\/vocesver.com\/noticias\/wp-json\/wp\/v2\/posts"}],"about":[{"href":"http:\/\/vocesver.com\/noticias\/wp-json\/wp\/v2\/types\/post"}],"author":[{"embeddable":true,"href":"http:\/\/vocesver.com\/noticias\/wp-json\/wp\/v2\/users\/2"}],"replies":[{"embeddable":true,"href":"http:\/\/vocesver.com\/noticias\/wp-json\/wp\/v2\/comments?post=26982"}],"version-history":[{"count":1,"href":"http:\/\/vocesver.com\/noticias\/wp-json\/wp\/v2\/posts\/26982\/revisions"}],"predecessor-version":[{"id":26984,"href":"http:\/\/vocesver.com\/noticias\/wp-json\/wp\/v2\/posts\/26982\/revisions\/26984"}],"wp:featuredmedia":[{"embeddable":true,"href":"http:\/\/vocesver.com\/noticias\/wp-json\/wp\/v2\/media\/26983"}],"wp:attachment":[{"href":"http:\/\/vocesver.com\/noticias\/wp-json\/wp\/v2\/media?parent=26982"}],"wp:term":[{"taxonomy":"category","embeddable":true,"href":"http:\/\/vocesver.com\/noticias\/wp-json\/wp\/v2\/categories?post=26982"},{"taxonomy":"post_tag","embeddable":true,"href":"http:\/\/vocesver.com\/noticias\/wp-json\/wp\/v2\/tags?post=26982"}],"curies":[{"name":"wp","href":"https:\/\/api.w.org\/{rel}","templated":true}]}}