{"id":26979,"date":"2020-12-07T16:39:45","date_gmt":"2020-12-07T16:39:45","guid":{"rendered":"http:\/\/vocesver.com\/noticias\/?p=26979"},"modified":"2020-12-07T16:39:45","modified_gmt":"2020-12-07T16:39:45","slug":"tatiana-clouthier-llega-al-gabineteamlo-anuncia-este-y-otros-nombramientos","status":"publish","type":"post","link":"http:\/\/vocesver.com\/noticias\/tatiana-clouthier-llega-al-gabineteamlo-anuncia-este-y-otros-nombramientos\/","title":{"rendered":"TATIANA CLOUTHIER LLEGA AL GABINETE;AMLO ANUNCIA ESTE Y OTROS NOMBRAMIENTOS."},"content":{"rendered":"<p>Tatiana Clouthier | Foto: Cuartoscuro<\/p>\n<p>REDACCI\u00d3N\/VOCESVER.COM\/NOTICIAS<\/p>\n<p>NACIONAL. A 7 de Diciembre 2020.- De acuerdo con informaci\u00f3n de UNOTV\/M\u00c9XICO&#8230;.El<strong>\u00a0<a href=\"https:\/\/www.unotv.com\/nacional\/la-mananera-de-amlo-07-de-diciembre-de-2020\/\" target=\"_blank\" rel=\"noreferrer noopener\" aria-label=\"undefined (abre en una nueva pesta\u00f1a)\">presidente Andr\u00e9s Manuel L\u00f3pez Obrador (AMLO),<\/a>\u00a0<\/strong>inform\u00f3 nuevos nombramientos para su administraci\u00f3n, de los cuales destaca\u00a0<strong>Tatiana Clouthier<\/strong>, quien se integrar\u00e1 a su Gabinete como nueva secretaria de Econom\u00eda, en sustituci\u00f3n de\u00a0<strong>Graciela M\u00e1rquez Col\u00edn<\/strong>\u00a0a quien propondr\u00e1 a su vez para la Junta de Gobierno del Instituto Nacional de Estad\u00edstica y Geograf\u00eda (INEGI).<\/p>\n<p>En conferencia de prensa desde Palacio Nacional,\u00a0<strong>AMLO tambi\u00e9n inform\u00f3 que la capit\u00e1n de altura, Ana Laura L\u00f3pez Bautista,<\/strong>\u00a0ser\u00e1 la nueva\u00a0<strong>coordinadora General de Puertos y Marina<\/strong>\u00a0en sustituci\u00f3n\u00a0<strong>de<\/strong><a href=\"https:\/\/www.unotv.com\/nacional\/amlo-confirma-que-rosa-icela-rodriguez-acepto-ser-secretaria-de-seguridad\/\" target=\"_blank\" rel=\"noreferrer noopener\" aria-label=\"undefined (abre en una nueva pesta\u00f1a)\"><strong>\u00a0Rosa Icela Rodr\u00edguez<\/strong>, quien es la nueva titular<\/a><a href=\"https:\/\/www.unotv.com\/nacional\/amlo-confirma-que-rosa-icela-rodriguez-acepto-ser-secretaria-de-seguridad\/\" target=\"_blank\" rel=\"noreferrer noopener\" aria-label=\"undefined (abre en una nueva pesta\u00f1a)\">\u00a0<\/a><a href=\"https:\/\/www.unotv.com\/nacional\/amlo-confirma-que-rosa-icela-rodriguez-acepto-ser-secretaria-de-seguridad\/\" target=\"_blank\" rel=\"noreferrer noopener\" aria-label=\"undefined (abre en una nueva pesta\u00f1a)\">de la\u00a0<strong>Secretar\u00eda de Seguridad P\u00fablica del Gobierno Federal<\/strong>,<\/a>\u00a0cargo que se inform\u00f3 hace unos d\u00edas.<\/p>\n<h2>Nombramientos en Banxico<\/h2>\n<p>Por otra parte,<strong>\u00a0AMLO inform\u00f3 que este lunes propondr\u00e1 al Senado de la Rep\u00fablica dos nombramientos, para subgobernadora del Banco de M\u00e9xico (Banxico)<\/strong>\u00a0y miembro de la Junta de Gobierno de esa misma dependencia a\u00a0<strong>Galia Borja G\u00f3mez.<\/strong><\/p>\n<blockquote class=\"wp-block-quote is-style-large\"><p>\u201cA finales de este a\u00f1o se concluye el periodo de un subgobernador y va a ser sustituido, si es ratificado mi propuesta por el Senado, por Galia Borja G\u00f3mez\u201d.<\/p>\n<p><cite>Andr\u00e9s Manuel L\u00f3pez Obrador, presidente de M\u00e9xico.<\/cite><\/p><\/blockquote>\n<p>AMLO inform\u00f3 que actualmente,\u00a0<strong>Galia Borja G\u00f3mez es la tesorera de la Federaci\u00f3n<\/strong>\u00a0y\u00a0<strong>ser\u00e1 sustituida por Elvira Concheiro.<\/strong><\/p>\n<blockquote class=\"wp-block-quote is-style-large\"><p>Este nombramiento requiere la ratificaci\u00f3n de la C\u00e1mara de Diputados\u201d, asegur\u00f3 AMLO.<\/p><\/blockquote>\n<h2>Nombramientos en el INEGI<\/h2>\n<p><strong>AMLO detall\u00f3 que el d\u00eda de hoy ser\u00e1 enviado al Senado el nombramiento de Graciela M\u00e1rquez<\/strong>, para que forme parte de la\u00a0<strong>Junta de Gobierno del INEGI<\/strong>,\u00a0<a href=\"https:\/\/www.unotv.com\/negocios\/t-mec-no-hay-demanda-contra-mexico-por-incumplimiento-asegura-se\/\" target=\"_blank\" rel=\"noreferrer noopener\" aria-label=\"undefined (abre en una nueva pesta\u00f1a)\">quien hasta el d\u00eda de hoy se desempe\u00f1a como secretaria de Econom\u00eda.<\/a><\/p>\n<blockquote class=\"wp-block-quote is-style-large\"><p>\u201cEl a\u00f1o pr\u00f3ximo tengo que hacer la propuesta para la presidencia del INEGI y el prop\u00f3sito es que ya se tenga a una representante vinculada a nuestro gobierno\u201d.<\/p>\n<p><cite>Andr\u00e9s Manuel L\u00f3pez Obrador, presidente de M\u00e9xico.<\/cite><\/p><\/blockquote>\n<h2>Llegada de Tatiana Clouthier al Gabinete de AMLO<\/h2>\n<p>El\u00a0<strong>presidente L\u00f3pez Obrador inform\u00f3 que M\u00e1rquez Colin ser\u00e1 sustituida por la\u00a0<a href=\"https:\/\/www.unotv.com\/nacional\/tatiana-clouthier-se-disculpa-tras-mensaje-a-triatleta-que-supero-cancer\/\" target=\"_blank\" rel=\"noreferrer noopener\" aria-label=\"undefined (abre en una nueva pesta\u00f1a)\">morenista Tatiana Clouthier Carrillo.<\/a><\/strong><\/p>\n<blockquote class=\"wp-block-quote is-style-large\"><p>\u201cLa llegada de Tatiana al gabinete es una decisi\u00f3n del Ejecutivo\u201d.<\/p><\/blockquote>\n<p>El presidente Andr\u00e9s Manuel L\u00f3pez Obrador asegur\u00f3 que estas cinco mujeres tendr\u00e1n como distintivo la honestidad, ya que \u201ces lo m\u00e1s nos importa porque nada ha da\u00f1ado m\u00e1s a M\u00e9xico que la deshonestidad de los gobernantes\u201d.<\/p>\n<p>Asegur\u00f3 que se debe erradicar por completo la corrupci\u00f3n y por eso motivo se est\u00e1n proponiendo a estas cinco mujeres para ocupar cargos muy importantes en el Gobierno.<\/p>\n<p>&nbsp;<\/p>\n<p>INF. DE UNOTV\/M\u00c9XICO&#8230;.<\/p>\n<div class=\"code-block code-block-center code-block-8\"><\/div>\n<div class=\"code-block code-block-center code-block-1\"><\/div>\n","protected":false},"excerpt":{"rendered":"<p>Tatiana Clouthier | Foto: Cuartoscuro REDACCI\u00d3N\/VOCESVER.COM\/NOTICIAS NACIONAL. A 7 de Diciembre 2020.- De acuerdo con informaci\u00f3n de UNOTV\/M\u00c9XICO&#8230;.El\u00a0presidente Andr\u00e9s Manuel<\/p>\n","protected":false},"author":2,"featured_media":26980,"comment_status":"open","ping_status":"open","sticky":false,"template":"","format":"standard","meta":{"colormag_page_container_layout":"default_layout","colormag_page_sidebar_layout":"default_layout","footnotes":""},"categories":[5],"tags":[],"class_list":["post-26979","post","type-post","status-publish","format-standard","has-post-thumbnail","hentry","category-nacional"],"_links":{"self":[{"href":"http:\/\/vocesver.com\/noticias\/wp-json\/wp\/v2\/posts\/26979","targetHints":{"allow":["GET"]}}],"collection":[{"href":"http:\/\/vocesver.com\/noticias\/wp-json\/wp\/v2\/posts"}],"about":[{"href":"http:\/\/vocesver.com\/noticias\/wp-json\/wp\/v2\/types\/post"}],"author":[{"embeddable":true,"href":"http:\/\/vocesver.com\/noticias\/wp-json\/wp\/v2\/users\/2"}],"replies":[{"embeddable":true,"href":"http:\/\/vocesver.com\/noticias\/wp-json\/wp\/v2\/comments?post=26979"}],"version-history":[{"count":1,"href":"http:\/\/vocesver.com\/noticias\/wp-json\/wp\/v2\/posts\/26979\/revisions"}],"predecessor-version":[{"id":26981,"href":"http:\/\/vocesver.com\/noticias\/wp-json\/wp\/v2\/posts\/26979\/revisions\/26981"}],"wp:featuredmedia":[{"embeddable":true,"href":"http:\/\/vocesver.com\/noticias\/wp-json\/wp\/v2\/media\/26980"}],"wp:attachment":[{"href":"http:\/\/vocesver.com\/noticias\/wp-json\/wp\/v2\/media?parent=26979"}],"wp:term":[{"taxonomy":"category","embeddable":true,"href":"http:\/\/vocesver.com\/noticias\/wp-json\/wp\/v2\/categories?post=26979"},{"taxonomy":"post_tag","embeddable":true,"href":"http:\/\/vocesver.com\/noticias\/wp-json\/wp\/v2\/tags?post=26979"}],"curies":[{"name":"wp","href":"https:\/\/api.w.org\/{rel}","templated":true}]}}