{"id":19179,"date":"2019-11-25T23:31:30","date_gmt":"2019-11-25T23:31:30","guid":{"rendered":"http:\/\/vocesver.com\/noticias\/?p=19179"},"modified":"2019-11-25T23:31:36","modified_gmt":"2019-11-25T23:31:36","slug":"rechazan-peticion-a-e-u-de-considerar-al-narco-como-terrorismo","status":"publish","type":"post","link":"http:\/\/vocesver.com\/noticias\/rechazan-peticion-a-e-u-de-considerar-al-narco-como-terrorismo\/","title":{"rendered":"RECHAZAN PETICI\u00d3N A E.U DE CONSIDERAR AL NARCO COMO TERRORISMO."},"content":{"rendered":"<p><i class=\"fas fa-camera\"><\/i>Catalogar al narco como terrorismo posibilitar\u00eda a EU a tomar acciones directas, detall\u00f3 Ebrard. Foto: Cuartoscuro<\/p>\n<p>REDACCI\u00d3N\/VOCESVER.COM\/NOTICIAS<\/p>\n<p>NACIONAL.- A 25 de Noviembre 2019.- De acuerdo con informaci\u00f3n de NOTIMEX\/UNOTV\/M\u00c9XICO&#8230; El titular de la Secretar\u00eda de Relaciones Exteriores, Marcelo Ebrard, rechaz\u00f3 este lunes que la\u00a0<strong>petici\u00f3n de la familia LeBar\u00f3n al presidente Donald Trump\u00a0<\/strong>para considerar a los\u00a0<strong>c\u00e1rteles de la droga<\/strong>\u00a0o\u00a0<strong>\u00abnarco\u00bb<\/strong>,\u00a0<strong>como terrorismo<\/strong>, pues con ellos se podr\u00eda en riesgo la\u00a0<strong>soberan\u00eda del pa\u00eds<\/strong>\u00a0y los esquemas de\u00a0<strong>colaboraci\u00f3n entre M\u00e9xico y Estados Unidos<\/strong>.<\/p>\n<p dir=\"ltr\">La familia LeBar\u00f3n solicit\u00f3 al gobierno del presidente Trump catalogar a las<strong>\u00a0organizaciones criminales\u00a0dedicadas al \u00abnarco\u00bb como terrorismo<\/strong>, lo cual posibilitar\u00eda a Estados Unidos de tomar medidas directas para frenar su avance hac\u00eda la Uni\u00f3n Americana.<\/p>\n<p dir=\"ltr\">El pasado 4 de noviembre, la<strong>\u00a0Familia LeBar\u00f3n<\/strong>\u00a0sufri\u00f3 el\u00a0<strong>asesinato de nueve integrantes<\/strong>\u00a0durante un\u00a0<strong>ataque armado\u00a0<\/strong>entre los l\u00edmites de\u00a0<strong>Chihuahua y Sonora<\/strong>.<\/p>\n<p dir=\"ltr\"><em><strong>\u00abEl narcoterrorismo tiene un impacto jur\u00eddico internacional porque hay una legislaci\u00f3n norteamericana que posibilita cuando se declara, se denomina a un grupo terrorista; entonces, se invocan esas disposiciones para actuar de manera directa\u00bb,\u00a0<u>Marcelo Ebrard.<\/u><\/strong><\/em><\/p>\n<div class=\"banner\"><iframe loading=\"lazy\" class=\"i-amphtml-fill-content\" src=\"https:\/\/d-26524251831420705483.ampproject.net\/1911121900560\/frame.html\" name=\"{&quot;host&quot;:&quot;d-26524251831420705483.ampproject.net&quot;,&quot;type&quot;:&quot;teads&quot;,&quot;count&quot;:1,&quot;attributes&quot;:{&quot;pid&quot;:&quot;95522&quot;,&quot;ampSlotIndex&quot;:&quot;3&quot;,&quot;width&quot;:300,&quot;height&quot;:1,&quot;_context&quot;:{&quot;ampcontextVersion&quot;:&quot;1911121900560&quot;,&quot;ampcontextFilepath&quot;:&quot;https:\/\/3p.ampproject.net\/1911121900560\/ampcontext-v0.js&quot;,&quot;sourceUrl&quot;:&quot;https:\/\/www.unotv.com\/noticias\/portal\/nacional\/detalle\/rechazan-peticion-a-eu-de-considerar-al-narco-como-terrorismo-084530\/&quot;,&quot;referrer&quot;:&quot;https:\/\/www.unotv.com\/inicio\/&quot;,&quot;canonicalUrl&quot;:&quot;https:\/\/www.unotv.com\/noticias\/portal\/nacional\/detalle\/rechazan-peticion-a-eu-de-considerar-al-narco-como-terrorismo-084530\/&quot;,&quot;pageViewId&quot;:&quot;5457&quot;,&quot;location&quot;:{&quot;href&quot;:&quot;https:\/\/www.unotv.com\/noticias\/portal\/nacional\/detalle\/rechazan-peticion-a-eu-de-considerar-al-narco-como-terrorismo-084530\/&quot;},&quot;startTime&quot;:1574724336793,&quot;tagName&quot;:&quot;AMP-AD&quot;,&quot;mode&quot;:{&quot;localDev&quot;:false,&quot;development&quot;:false,&quot;minified&quot;:true,&quot;lite&quot;:false,&quot;test&quot;:false,&quot;version&quot;:&quot;1911121900560&quot;,&quot;rtvVersion&quot;:&quot;011911121900560&quot;},&quot;canary&quot;:false,&quot;hidden&quot;:false,&quot;initialLayoutRect&quot;:{&quot;left&quot;:375,&quot;top&quot;:1942,&quot;width&quot;:770,&quot;height&quot;:3},&quot;initialIntersection&quot;:{&quot;time&quot;:2660.4850000003353,&quot;rootBounds&quot;:{&quot;left&quot;:0,&quot;top&quot;:0,&quot;width&quot;:1366,&quot;height&quot;:576,&quot;bottom&quot;:576,&quot;right&quot;:1366,&quot;x&quot;:0,&quot;y&quot;:0},&quot;boundingClientRect&quot;:{&quot;left&quot;:375,&quot;top&quot;:1642,&quot;width&quot;:770,&quot;height&quot;:3,&quot;bottom&quot;:1645,&quot;right&quot;:1145,&quot;x&quot;:375,&quot;y&quot;:1642},&quot;intersectionRect&quot;:{&quot;left&quot;:0,&quot;top&quot;:0,&quot;width&quot;:0,&quot;height&quot;:0,&quot;bottom&quot;:0,&quot;right&quot;:0,&quot;x&quot;:0,&quot;y&quot;:0},&quot;intersectionRatio&quot;:0},&quot;domFingerprint&quot;:&quot;229410932&quot;,&quot;experimentToggles&quot;:{&quot;pump-early-frame&quot;:true,&quot;chunked-amp&quot;:true,&quot;amp-ad-ff-adx-ady&quot;:false,&quot;amp-consent-v2&quot;:true,&quot;canary&quot;:false,&quot;amp-story-v1&quot;:true,&quot;hidden-mutation-observer&quot;:true,&quot;fix-inconsistent-responsive-height-selection&quot;:false,&quot;a4aProfilingRate&quot;:false,&quot;version-locking&quot;:true,&quot;amp-auto-ads-adsense-holdout&quot;:false,&quot;as-use-attr-for-format&quot;:false,&quot;adsense-ad-size-optimization&quot;:false,&quot;blurry-placeholder&quot;:true,&quot;amp-playbuzz&quot;:true,&quot;flexAdSlots&quot;:false,&quot;amp-action-macro&quot;:true,&quot;fixed-elements-in-lightbox&quot;:true,&quot;amp-access-iframe&quot;:true,&quot;doubleclickSraExp&quot;:false,&quot;amp-mega-menu&quot;:true,&quot;swg-gpay-native&quot;:true,&quot;amp-sidebar-swipe-to-dismiss&quot;:true,&quot;doubleclickSraReportExcludedBlock&quot;:false,&quot;ampdoc-closest&quot;:true,&quot;amp-story-responsive-units&quot;:true,&quot;ios-fixed-no-transfer&quot;:false,&quot;macro-after-long-task&quot;:false,&quot;use-responsive-ads-for-responsive-sizing-in-auto-ads&quot;:false},&quot;sentinel&quot;:&quot;0-22186230892390496973&quot;,&quot;clientId&quot;:null,&quot;container&quot;:null,&quot;initialConsentState&quot;:null,&quot;consentSharedData&quot;:null,&quot;initialConsentValue&quot;:null},&quot;type&quot;:&quot;teads&quot;}}\" width=\"300\" height=\"1\" scrolling=\"no\" sandbox=\"allow-top-navigation-by-user-activation allow-popups-to-escape-sandbox allow-forms allow-modals allow-pointer-lock allow-popups allow-same-origin allow-scripts\" data-amp-3p-sentinel=\"0-22186230892390496973\" data-mce-fragment=\"1\"><\/iframe><\/div>\n<p dir=\"ltr\">El canciller reiter\u00f3 que esta petici\u00f3n\u00a0<strong>de catalogar al narco como terrorismo<\/strong>,\u00a0\u00abM\u00e9xico jam\u00e1s lo\u00a0aceptar\u00eda\u00bb, y adem\u00e1s \u00abpienso que Estados Unidos no ir\u00eda por esa ruta porque estamos trabajando juntos y porque no estar\u00eda interesado, me parece, en dar lugar a que M\u00e9xico invocara los mismos principios jur\u00eddicos\u00bb.<\/p>\n<p dir=\"ltr\">Adem\u00e1s, el titular de la Secretar\u00eda de Relaciones Exteriores (SRE) explic\u00f3 que la investigaci\u00f3n del caso avanza, en colaboraci\u00f3n con autoridades estadounidenses, y se est\u00e1n obteniendo resultados que pronto ser\u00e1n informados.<\/p>\n<h2 dir=\"ltr\">Estados Unidos respeta soberan\u00eda de M\u00e9xico: AMLO<\/h2>\n<p dir=\"ltr\">El presidente L\u00f3pez Obrador afirm\u00f3 que el gobierno de Donald Trump es respetuoso de la soberan\u00eda de M\u00e9xico y en temas de seguridad s\u00f3lo ha ofrecido colaborar, desde su pa\u00eds, si lo solicita el gobierno mexicano, en la soluci\u00f3n de investigaciones criminales\u00a0<strong>relacionadas con el \u00abnarco\u00bb.<\/strong><\/p>\n<p dir=\"ltr\"><em><strong>Nosotros estamos atendiendo los problemas de inseguridad y violencia y quiero que quede claro, porque se mantiene el car\u00e1cter autoritario o el prop\u00f3sito de querer resolver los problemas s\u00f3lo con el uso de la fuerza, la violencia, nosotros estamos aplicando un nuevo paradigma en temas de seguridad\u00bb,\u00a0<u>enfatiz\u00f3.<\/u><\/strong><\/em><\/p>\n<p dir=\"ltr\">El Ejecutivo federal lament\u00f3 que en el pa\u00eds existan voces que pidan la intervenci\u00f3n de gobiernos extranjeros para resolver la crisis de violencia en el pa\u00eds y particularmente\u00a0<strong>en problemas como el \u00abnarco\u00bb.<\/strong><\/p>\n<p dir=\"ltr\"><em><strong>Se quedaron con la nostalgia de cuando se fue a buscar a Maximiliano al extranjero para que nos gobernara. Nosotros no aceptamos eso. Nuestros problemas los vamos a resolver los mexicanos, no queremos la injerencia de ninguna potencia, de ninguna hegemon\u00eda\u00bb,\u00a0<u>L\u00f3pez Obrador.<\/u><\/strong><\/em><\/p>\n<p dir=\"ltr\">INF. DE NOTIMEX\/UNOTEV\/MEXICO&#8230;&#8230;<\/p>\n","protected":false},"excerpt":{"rendered":"<p>Catalogar al narco como terrorismo posibilitar\u00eda a EU a tomar acciones directas, detall\u00f3 Ebrard. Foto: Cuartoscuro REDACCI\u00d3N\/VOCESVER.COM\/NOTICIAS NACIONAL.- A 25<\/p>\n","protected":false},"author":2,"featured_media":19180,"comment_status":"open","ping_status":"open","sticky":false,"template":"","format":"standard","meta":{"colormag_page_container_layout":"default_layout","colormag_page_sidebar_layout":"default_layout","footnotes":""},"categories":[5],"tags":[],"class_list":["post-19179","post","type-post","status-publish","format-standard","has-post-thumbnail","hentry","category-nacional"],"_links":{"self":[{"href":"http:\/\/vocesver.com\/noticias\/wp-json\/wp\/v2\/posts\/19179","targetHints":{"allow":["GET"]}}],"collection":[{"href":"http:\/\/vocesver.com\/noticias\/wp-json\/wp\/v2\/posts"}],"about":[{"href":"http:\/\/vocesver.com\/noticias\/wp-json\/wp\/v2\/types\/post"}],"author":[{"embeddable":true,"href":"http:\/\/vocesver.com\/noticias\/wp-json\/wp\/v2\/users\/2"}],"replies":[{"embeddable":true,"href":"http:\/\/vocesver.com\/noticias\/wp-json\/wp\/v2\/comments?post=19179"}],"version-history":[{"count":1,"href":"http:\/\/vocesver.com\/noticias\/wp-json\/wp\/v2\/posts\/19179\/revisions"}],"predecessor-version":[{"id":19181,"href":"http:\/\/vocesver.com\/noticias\/wp-json\/wp\/v2\/posts\/19179\/revisions\/19181"}],"wp:featuredmedia":[{"embeddable":true,"href":"http:\/\/vocesver.com\/noticias\/wp-json\/wp\/v2\/media\/19180"}],"wp:attachment":[{"href":"http:\/\/vocesver.com\/noticias\/wp-json\/wp\/v2\/media?parent=19179"}],"wp:term":[{"taxonomy":"category","embeddable":true,"href":"http:\/\/vocesver.com\/noticias\/wp-json\/wp\/v2\/categories?post=19179"},{"taxonomy":"post_tag","embeddable":true,"href":"http:\/\/vocesver.com\/noticias\/wp-json\/wp\/v2\/tags?post=19179"}],"curies":[{"name":"wp","href":"https:\/\/api.w.org\/{rel}","templated":true}]}}